{"id":527650,"date":"2026-09-02T07:35:10","date_gmt":"2026-09-02T05:35:10","guid":{"rendered":"https:\/\/info-des-communes.fr\/?p=527650"},"modified":"2026-09-02T07:35:10","modified_gmt":"2026-09-02T05:35:10","slug":"cest-un-basculement-enfin-la-parole-des-femmes-est-entendue-reagit-lavocate-de-flavie-flament-apres-lannulation-de-la-tournee-de-patrick-bruel","status":"publish","type":"post","link":"https:\/\/info-des-communes.fr\/?p=527650","title":{"rendered":"\u00ab\u00a0C\u2019est un basculement, enfin la parole des femmes est entendue\u00a0\u00bb, r\u00e9agit l&rsquo;avocate de Flavie Flament, apr\u00e8s l&rsquo;annulation de la tourn\u00e9e de Patrick Bruel"},"content":{"rendered":"<p>\u00ab\u00a0Elles sont soulag\u00e9es, \u00e7a va laisser la place au d\u00e9bat judiciaire et \u00e0 l&rsquo;instruction\u00a0\u00bb, ajoute sur franceinfo Corinne Herrmann, avocate de plusieurs plaignantes.<\/p>","protected":false},"excerpt":{"rendered":"<p>\u00ab\u00a0Elles sont soulag\u00e9es, \u00e7a va laisser la place au d\u00e9bat judiciaire et \u00e0 l&rsquo;instruction\u00a0\u00bb, ajoute sur franceinfo Corinne Herrmann, avocate de plusieurs plaignantes.<\/p>\n","protected":false},"author":2,"featured_media":527651,"comment_status":"","ping_status":"closed","sticky":false,"template":"","format":"standard","meta":{"footnotes":""},"categories":[106],"tags":[],"class_list":["post-527650","post","type-post","status-publish","format-standard","has-post-thumbnail","hentry","category-actualites"],"_links":{"self":[{"href":"https:\/\/info-des-communes.fr\/index.php?rest_route=\/wp\/v2\/posts\/527650","targetHints":{"allow":["GET"]}}],"collection":[{"href":"https:\/\/info-des-communes.fr\/index.php?rest_route=\/wp\/v2\/posts"}],"about":[{"href":"https:\/\/info-des-communes.fr\/index.php?rest_route=\/wp\/v2\/types\/post"}],"author":[{"embeddable":true,"href":"https:\/\/info-des-communes.fr\/index.php?rest_route=\/wp\/v2\/users\/2"}],"replies":[{"embeddable":true,"href":"https:\/\/info-des-communes.fr\/index.php?rest_route=%2Fwp%2Fv2%2Fcomments&post=527650"}],"version-history":[{"count":0,"href":"https:\/\/info-des-communes.fr\/index.php?rest_route=\/wp\/v2\/posts\/527650\/revisions"}],"wp:featuredmedia":[{"embeddable":true,"href":"https:\/\/info-des-communes.fr\/index.php?rest_route=\/wp\/v2\/media\/527651"}],"wp:attachment":[{"href":"https:\/\/info-des-communes.fr\/index.php?rest_route=%2Fwp%2Fv2%2Fmedia&parent=527650"}],"wp:term":[{"taxonomy":"category","embeddable":true,"href":"https:\/\/info-des-communes.fr\/index.php?rest_route=%2Fwp%2Fv2%2Fcategories&post=527650"},{"taxonomy":"post_tag","embeddable":true,"href":"https:\/\/info-des-communes.fr\/index.php?rest_route=%2Fwp%2Fv2%2Ftags&post=527650"}],"curies":[{"name":"wp","href":"https:\/\/api.w.org\/{rel}","templated":true}]}}