{"id":527648,"date":"2026-09-02T06:00:03","date_gmt":"2026-09-02T04:00:03","guid":{"rendered":"https:\/\/info-des-communes.fr\/?p=527648"},"modified":"2026-09-02T06:00:03","modified_gmt":"2026-09-02T04:00:03","slug":"le-cout-de-la-rentree-universitaire-estime-a-3-240-euros-cette-annee-un-nouveau-record-selon-la-fage","status":"publish","type":"post","link":"https:\/\/info-des-communes.fr\/?p=527648","title":{"rendered":"Le co\u00fbt de la rentr\u00e9e universitaire estim\u00e9 \u00e0 3\u00a0240 euros cette ann\u00e9e, \u00ab\u00a0un nouveau record\u00a0\u00bb, selon la Fage"},"content":{"rendered":"<p>Cela repr\u00e9sente une \u00ab\u00a0hausse de 25,38% depuis 2020, soit 655,74 euros suppl\u00e9mentaires en six ans\u00a0\u00bb, pr\u00e9cise la f\u00e9d\u00e9ration \u00e9tudiante dans son barom\u00e8tre annuel publi\u00e9 ce mercredi. Le logement reste le premier poste de d\u00e9pense dans le budget \u00e9tudiant.<\/p>","protected":false},"excerpt":{"rendered":"<p>Cela repr\u00e9sente une \u00ab\u00a0hausse de 25,38% depuis 2020, soit 655,74 euros suppl\u00e9mentaires en six ans\u00a0\u00bb, pr\u00e9cise la f\u00e9d\u00e9ration \u00e9tudiante dans son barom\u00e8tre annuel publi\u00e9 ce mercredi. Le logement reste le [&hellip;]<\/p>\n","protected":false},"author":2,"featured_media":527649,"comment_status":"","ping_status":"closed","sticky":false,"template":"","format":"standard","meta":{"footnotes":""},"categories":[106],"tags":[],"class_list":["post-527648","post","type-post","status-publish","format-standard","has-post-thumbnail","hentry","category-actualites"],"_links":{"self":[{"href":"https:\/\/info-des-communes.fr\/index.php?rest_route=\/wp\/v2\/posts\/527648","targetHints":{"allow":["GET"]}}],"collection":[{"href":"https:\/\/info-des-communes.fr\/index.php?rest_route=\/wp\/v2\/posts"}],"about":[{"href":"https:\/\/info-des-communes.fr\/index.php?rest_route=\/wp\/v2\/types\/post"}],"author":[{"embeddable":true,"href":"https:\/\/info-des-communes.fr\/index.php?rest_route=\/wp\/v2\/users\/2"}],"replies":[{"embeddable":true,"href":"https:\/\/info-des-communes.fr\/index.php?rest_route=%2Fwp%2Fv2%2Fcomments&post=527648"}],"version-history":[{"count":0,"href":"https:\/\/info-des-communes.fr\/index.php?rest_route=\/wp\/v2\/posts\/527648\/revisions"}],"wp:featuredmedia":[{"embeddable":true,"href":"https:\/\/info-des-communes.fr\/index.php?rest_route=\/wp\/v2\/media\/527649"}],"wp:attachment":[{"href":"https:\/\/info-des-communes.fr\/index.php?rest_route=%2Fwp%2Fv2%2Fmedia&parent=527648"}],"wp:term":[{"taxonomy":"category","embeddable":true,"href":"https:\/\/info-des-communes.fr\/index.php?rest_route=%2Fwp%2Fv2%2Fcategories&post=527648"},{"taxonomy":"post_tag","embeddable":true,"href":"https:\/\/info-des-communes.fr\/index.php?rest_route=%2Fwp%2Fv2%2Ftags&post=527648"}],"curies":[{"name":"wp","href":"https:\/\/api.w.org\/{rel}","templated":true}]}}