{"id":527646,"date":"2026-09-02T05:57:45","date_gmt":"2026-09-02T03:57:45","guid":{"rendered":"https:\/\/info-des-communes.fr\/?p=527646"},"modified":"2026-09-02T05:57:45","modified_gmt":"2026-09-02T03:57:45","slug":"apres-la-mort-du-genocidaire-ratko-mladic-les-embarrassants-hommages-au-boucher-des-balkans-par-les-nationalistes-serbes","status":"publish","type":"post","link":"https:\/\/info-des-communes.fr\/?p=527646","title":{"rendered":"Apr\u00e8s la mort du g\u00e9nocidaire Ratko Mladic, les embarrassants hommages au \u00ab\u00a0boucher des Balkans\u00a0\u00bb par les nationalistes serbes"},"content":{"rendered":"<p>Depuis l&rsquo;annonce de la mort du commanditaire du massacre de Srebrenica, des hommages spontan\u00e9s sont organis\u00e9s en Serbie et en R\u00e9publique serbe de Bosnie. L&rsquo;Union europ\u00e9enne d\u00e9plore l&rsquo;apologie d&rsquo;un homme condamn\u00e9 \u00e0 la prison \u00e0 vie pour g\u00e9nocide, crimes de guerre et crimes contre l&rsquo;humanit\u00e9.<\/p>","protected":false},"excerpt":{"rendered":"<p>Depuis l&rsquo;annonce de la mort du commanditaire du massacre de Srebrenica, des hommages spontan\u00e9s sont organis\u00e9s en Serbie et en R\u00e9publique serbe de Bosnie. L&rsquo;Union europ\u00e9enne d\u00e9plore l&rsquo;apologie d&rsquo;un homme [&hellip;]<\/p>\n","protected":false},"author":2,"featured_media":527647,"comment_status":"","ping_status":"closed","sticky":false,"template":"","format":"standard","meta":{"footnotes":""},"categories":[106],"tags":[],"class_list":["post-527646","post","type-post","status-publish","format-standard","has-post-thumbnail","hentry","category-actualites"],"_links":{"self":[{"href":"https:\/\/info-des-communes.fr\/index.php?rest_route=\/wp\/v2\/posts\/527646","targetHints":{"allow":["GET"]}}],"collection":[{"href":"https:\/\/info-des-communes.fr\/index.php?rest_route=\/wp\/v2\/posts"}],"about":[{"href":"https:\/\/info-des-communes.fr\/index.php?rest_route=\/wp\/v2\/types\/post"}],"author":[{"embeddable":true,"href":"https:\/\/info-des-communes.fr\/index.php?rest_route=\/wp\/v2\/users\/2"}],"replies":[{"embeddable":true,"href":"https:\/\/info-des-communes.fr\/index.php?rest_route=%2Fwp%2Fv2%2Fcomments&post=527646"}],"version-history":[{"count":0,"href":"https:\/\/info-des-communes.fr\/index.php?rest_route=\/wp\/v2\/posts\/527646\/revisions"}],"wp:featuredmedia":[{"embeddable":true,"href":"https:\/\/info-des-communes.fr\/index.php?rest_route=\/wp\/v2\/media\/527647"}],"wp:attachment":[{"href":"https:\/\/info-des-communes.fr\/index.php?rest_route=%2Fwp%2Fv2%2Fmedia&parent=527646"}],"wp:term":[{"taxonomy":"category","embeddable":true,"href":"https:\/\/info-des-communes.fr\/index.php?rest_route=%2Fwp%2Fv2%2Fcategories&post=527646"},{"taxonomy":"post_tag","embeddable":true,"href":"https:\/\/info-des-communes.fr\/index.php?rest_route=%2Fwp%2Fv2%2Ftags&post=527646"}],"curies":[{"name":"wp","href":"https:\/\/api.w.org\/{rel}","templated":true}]}}