{"id":527632,"date":"2026-09-01T23:11:22","date_gmt":"2026-09-01T21:11:22","guid":{"rendered":"https:\/\/info-des-communes.fr\/?p=527632"},"modified":"2026-09-01T23:11:22","modified_gmt":"2026-09-01T21:11:22","slug":"les-jours-surs-dans-le-ciel-russe-sont-revolus-declare-volodymyr-zelensky-aux-compagnies-aeriennes","status":"publish","type":"post","link":"https:\/\/info-des-communes.fr\/?p=527632","title":{"rendered":"\u00ab\u00a0Les jours s\u00fbrs dans le ciel russe sont r\u00e9volus\u00a0\u00bb, d\u00e9clare Volodymyr Zelensky aux compagnies a\u00e9riennes"},"content":{"rendered":"<p>Le pr\u00e9sident ukrainien a pr\u00e9cis\u00e9 que si elle n&rsquo;\u00e9tait pas vis\u00e9e \u00ab\u00a0en soi\u00a0\u00bb, l&rsquo;aviation civile n&rsquo;avait \u00ab\u00a0pas sa place dans un ciel infest\u00e9 de drones\u00a0\u00bb. Des avertissements qualifi\u00e9s par Vladimir Poutine de \u00ab\u00a0terroriste\u00a0\u00bb.<\/p>","protected":false},"excerpt":{"rendered":"<p>Le pr\u00e9sident ukrainien a pr\u00e9cis\u00e9 que si elle n&rsquo;\u00e9tait pas vis\u00e9e \u00ab\u00a0en soi\u00a0\u00bb, l&rsquo;aviation civile n&rsquo;avait \u00ab\u00a0pas sa place dans un ciel infest\u00e9 de drones\u00a0\u00bb. Des avertissements qualifi\u00e9s par Vladimir [&hellip;]<\/p>\n","protected":false},"author":2,"featured_media":527633,"comment_status":"","ping_status":"closed","sticky":false,"template":"","format":"standard","meta":{"footnotes":""},"categories":[106],"tags":[],"class_list":["post-527632","post","type-post","status-publish","format-standard","has-post-thumbnail","hentry","category-actualites"],"_links":{"self":[{"href":"https:\/\/info-des-communes.fr\/index.php?rest_route=\/wp\/v2\/posts\/527632","targetHints":{"allow":["GET"]}}],"collection":[{"href":"https:\/\/info-des-communes.fr\/index.php?rest_route=\/wp\/v2\/posts"}],"about":[{"href":"https:\/\/info-des-communes.fr\/index.php?rest_route=\/wp\/v2\/types\/post"}],"author":[{"embeddable":true,"href":"https:\/\/info-des-communes.fr\/index.php?rest_route=\/wp\/v2\/users\/2"}],"replies":[{"embeddable":true,"href":"https:\/\/info-des-communes.fr\/index.php?rest_route=%2Fwp%2Fv2%2Fcomments&post=527632"}],"version-history":[{"count":0,"href":"https:\/\/info-des-communes.fr\/index.php?rest_route=\/wp\/v2\/posts\/527632\/revisions"}],"wp:featuredmedia":[{"embeddable":true,"href":"https:\/\/info-des-communes.fr\/index.php?rest_route=\/wp\/v2\/media\/527633"}],"wp:attachment":[{"href":"https:\/\/info-des-communes.fr\/index.php?rest_route=%2Fwp%2Fv2%2Fmedia&parent=527632"}],"wp:term":[{"taxonomy":"category","embeddable":true,"href":"https:\/\/info-des-communes.fr\/index.php?rest_route=%2Fwp%2Fv2%2Fcategories&post=527632"},{"taxonomy":"post_tag","embeddable":true,"href":"https:\/\/info-des-communes.fr\/index.php?rest_route=%2Fwp%2Fv2%2Ftags&post=527632"}],"curies":[{"name":"wp","href":"https:\/\/api.w.org\/{rel}","templated":true}]}}