{"id":527629,"date":"2026-09-01T22:44:36","date_gmt":"2026-09-01T20:44:36","guid":{"rendered":"https:\/\/info-des-communes.fr\/?p=527629"},"modified":"2026-09-01T22:44:36","modified_gmt":"2026-09-01T20:44:36","slug":"la-loi-integrale-contre-les-violences-sexuelles-consecutive-a-laffaire-lyhanna-sera-examinee-debut-octobre-a-lassemblee-confirme-sebastien-lecornu","status":"publish","type":"post","link":"https:\/\/info-des-communes.fr\/?p=527629","title":{"rendered":"La \u00ab\u00a0loi int\u00e9grale\u00a0\u00bb contre les violences sexuelles cons\u00e9cutive \u00e0 l&rsquo;affaire Lyhanna sera examin\u00e9e d\u00e9but octobre \u00e0 l&rsquo;Assembl\u00e9e, confirme S\u00e9bastien Lecornu"},"content":{"rendered":"<p>La proposition de loi d\u00e9pos\u00e9e le 11 ao\u00fbt comprend 69 articles, dont l&rsquo;examen par une commission sp\u00e9ciale d\u00e9butera le 7 septembre.<\/p>","protected":false},"excerpt":{"rendered":"<p>La proposition de loi d\u00e9pos\u00e9e le 11 ao\u00fbt comprend 69 articles, dont l&rsquo;examen par une commission sp\u00e9ciale d\u00e9butera le 7 septembre.<\/p>\n","protected":false},"author":2,"featured_media":527630,"comment_status":"","ping_status":"closed","sticky":false,"template":"","format":"standard","meta":{"footnotes":""},"categories":[106],"tags":[],"class_list":["post-527629","post","type-post","status-publish","format-standard","has-post-thumbnail","hentry","category-actualites"],"_links":{"self":[{"href":"https:\/\/info-des-communes.fr\/index.php?rest_route=\/wp\/v2\/posts\/527629","targetHints":{"allow":["GET"]}}],"collection":[{"href":"https:\/\/info-des-communes.fr\/index.php?rest_route=\/wp\/v2\/posts"}],"about":[{"href":"https:\/\/info-des-communes.fr\/index.php?rest_route=\/wp\/v2\/types\/post"}],"author":[{"embeddable":true,"href":"https:\/\/info-des-communes.fr\/index.php?rest_route=\/wp\/v2\/users\/2"}],"replies":[{"embeddable":true,"href":"https:\/\/info-des-communes.fr\/index.php?rest_route=%2Fwp%2Fv2%2Fcomments&post=527629"}],"version-history":[{"count":0,"href":"https:\/\/info-des-communes.fr\/index.php?rest_route=\/wp\/v2\/posts\/527629\/revisions"}],"wp:featuredmedia":[{"embeddable":true,"href":"https:\/\/info-des-communes.fr\/index.php?rest_route=\/wp\/v2\/media\/527630"}],"wp:attachment":[{"href":"https:\/\/info-des-communes.fr\/index.php?rest_route=%2Fwp%2Fv2%2Fmedia&parent=527629"}],"wp:term":[{"taxonomy":"category","embeddable":true,"href":"https:\/\/info-des-communes.fr\/index.php?rest_route=%2Fwp%2Fv2%2Fcategories&post=527629"},{"taxonomy":"post_tag","embeddable":true,"href":"https:\/\/info-des-communes.fr\/index.php?rest_route=%2Fwp%2Fv2%2Ftags&post=527629"}],"curies":[{"name":"wp","href":"https:\/\/api.w.org\/{rel}","templated":true}]}}