{"id":527627,"date":"2026-09-01T21:22:17","date_gmt":"2026-09-01T19:22:17","guid":{"rendered":"https:\/\/info-des-communes.fr\/?p=527627"},"modified":"2026-09-01T21:22:17","modified_gmt":"2026-09-01T19:22:17","slug":"presidentielle-2027-il-faut-une-reforme-constitutionnelle-profonde-pour-mieux-partager-le-pouvoir-defend-gabriel-attal-au-20-heures-de-france-2","status":"publish","type":"post","link":"https:\/\/info-des-communes.fr\/?p=527627","title":{"rendered":"Pr\u00e9sidentielle 2027\u00a0: \u00ab\u00a0Il faut une r\u00e9forme constitutionnelle profonde, pour mieux partager le pouvoir\u00a0\u00bb, d\u00e9fend Gabriel Attal au \u00ab\u00a020\u00a0Heures\u00a0\u00bb de France\u00a02"},"content":{"rendered":"<p>\u00ab\u00a0On est dans un temps ou chacun doit pr\u00e9senter sa vision\u00a0\u00bb, a fait valoir le candidat Renaissance \u00e0 la pr\u00e9sidentielle invit\u00e9, mardi, du nouveau rendez-vous politique du \u00ab\u00a020\u00a0Heures\u00a0\u00bb.<\/p>","protected":false},"excerpt":{"rendered":"<p>\u00ab\u00a0On est dans un temps ou chacun doit pr\u00e9senter sa vision\u00a0\u00bb, a fait valoir le candidat Renaissance \u00e0 la pr\u00e9sidentielle invit\u00e9, mardi, du nouveau rendez-vous politique du \u00ab\u00a020\u00a0Heures\u00a0\u00bb.<\/p>\n","protected":false},"author":2,"featured_media":527628,"comment_status":"","ping_status":"closed","sticky":false,"template":"","format":"standard","meta":{"footnotes":""},"categories":[106],"tags":[],"class_list":["post-527627","post","type-post","status-publish","format-standard","has-post-thumbnail","hentry","category-actualites"],"_links":{"self":[{"href":"https:\/\/info-des-communes.fr\/index.php?rest_route=\/wp\/v2\/posts\/527627","targetHints":{"allow":["GET"]}}],"collection":[{"href":"https:\/\/info-des-communes.fr\/index.php?rest_route=\/wp\/v2\/posts"}],"about":[{"href":"https:\/\/info-des-communes.fr\/index.php?rest_route=\/wp\/v2\/types\/post"}],"author":[{"embeddable":true,"href":"https:\/\/info-des-communes.fr\/index.php?rest_route=\/wp\/v2\/users\/2"}],"replies":[{"embeddable":true,"href":"https:\/\/info-des-communes.fr\/index.php?rest_route=%2Fwp%2Fv2%2Fcomments&post=527627"}],"version-history":[{"count":0,"href":"https:\/\/info-des-communes.fr\/index.php?rest_route=\/wp\/v2\/posts\/527627\/revisions"}],"wp:featuredmedia":[{"embeddable":true,"href":"https:\/\/info-des-communes.fr\/index.php?rest_route=\/wp\/v2\/media\/527628"}],"wp:attachment":[{"href":"https:\/\/info-des-communes.fr\/index.php?rest_route=%2Fwp%2Fv2%2Fmedia&parent=527627"}],"wp:term":[{"taxonomy":"category","embeddable":true,"href":"https:\/\/info-des-communes.fr\/index.php?rest_route=%2Fwp%2Fv2%2Fcategories&post=527627"},{"taxonomy":"post_tag","embeddable":true,"href":"https:\/\/info-des-communes.fr\/index.php?rest_route=%2Fwp%2Fv2%2Ftags&post=527627"}],"curies":[{"name":"wp","href":"https:\/\/api.w.org\/{rel}","templated":true}]}}