{"id":527619,"date":"2026-09-01T18:10:06","date_gmt":"2026-09-01T16:10:06","guid":{"rendered":"https:\/\/info-des-communes.fr\/?p=527619"},"modified":"2026-09-01T18:10:06","modified_gmt":"2026-09-01T16:10:06","slug":"on-va-avoir-17-ans-on-est-assez-grands-pour-gerer-notre-temps-decran-la-rentree-sans-telephone-portable-au-lycee-ne-fait-pas-que-des-heureux-a-paris","status":"publish","type":"post","link":"https:\/\/info-des-communes.fr\/?p=527619","title":{"rendered":"\u00ab\u00a0On va avoir 17 ans, on est assez grands pour g\u00e9rer notre temps d\u2019\u00e9cran\u00a0\u00bb : la rentr\u00e9e sans t\u00e9l\u00e9phone portable au lyc\u00e9e ne fait pas que des heureux \u00e0 Paris"},"content":{"rendered":"<p>Apr\u00e8s les coll\u00e8ges, c&rsquo;est au tour des lyc\u00e9es d&rsquo;appliquer la loi qui interdit d\u00e9sormais le t\u00e9l\u00e9phone portable au sein des \u00e9tablissements. A la cit\u00e9 scolaire Maurice-Ravel, dans le 20e arrondissement de Paris, la mesure ne fait pas l&rsquo;unanimit\u00e9.<\/p>","protected":false},"excerpt":{"rendered":"<p>Apr\u00e8s les coll\u00e8ges, c&rsquo;est au tour des lyc\u00e9es d&rsquo;appliquer la loi qui interdit d\u00e9sormais le t\u00e9l\u00e9phone portable au sein des \u00e9tablissements. A la cit\u00e9 scolaire Maurice-Ravel, dans le 20e arrondissement [&hellip;]<\/p>\n","protected":false},"author":2,"featured_media":527620,"comment_status":"","ping_status":"closed","sticky":false,"template":"","format":"standard","meta":{"footnotes":""},"categories":[106],"tags":[],"class_list":["post-527619","post","type-post","status-publish","format-standard","has-post-thumbnail","hentry","category-actualites"],"_links":{"self":[{"href":"https:\/\/info-des-communes.fr\/index.php?rest_route=\/wp\/v2\/posts\/527619","targetHints":{"allow":["GET"]}}],"collection":[{"href":"https:\/\/info-des-communes.fr\/index.php?rest_route=\/wp\/v2\/posts"}],"about":[{"href":"https:\/\/info-des-communes.fr\/index.php?rest_route=\/wp\/v2\/types\/post"}],"author":[{"embeddable":true,"href":"https:\/\/info-des-communes.fr\/index.php?rest_route=\/wp\/v2\/users\/2"}],"replies":[{"embeddable":true,"href":"https:\/\/info-des-communes.fr\/index.php?rest_route=%2Fwp%2Fv2%2Fcomments&post=527619"}],"version-history":[{"count":0,"href":"https:\/\/info-des-communes.fr\/index.php?rest_route=\/wp\/v2\/posts\/527619\/revisions"}],"wp:featuredmedia":[{"embeddable":true,"href":"https:\/\/info-des-communes.fr\/index.php?rest_route=\/wp\/v2\/media\/527620"}],"wp:attachment":[{"href":"https:\/\/info-des-communes.fr\/index.php?rest_route=%2Fwp%2Fv2%2Fmedia&parent=527619"}],"wp:term":[{"taxonomy":"category","embeddable":true,"href":"https:\/\/info-des-communes.fr\/index.php?rest_route=%2Fwp%2Fv2%2Fcategories&post=527619"},{"taxonomy":"post_tag","embeddable":true,"href":"https:\/\/info-des-communes.fr\/index.php?rest_route=%2Fwp%2Fv2%2Ftags&post=527619"}],"curies":[{"name":"wp","href":"https:\/\/api.w.org\/{rel}","templated":true}]}}