{"id":527615,"date":"2026-09-01T18:34:33","date_gmt":"2026-09-01T16:34:33","guid":{"rendered":"https:\/\/info-des-communes.fr\/?p=527615"},"modified":"2026-09-01T18:34:33","modified_gmt":"2026-09-01T16:34:33","slug":"le-chanteur-patrick-bruel-mis-en-examen-pour-violences-sexuelles-annonce-lannulation-de-sa-tournee-prevue-a-lautomne","status":"publish","type":"post","link":"https:\/\/info-des-communes.fr\/?p=527615","title":{"rendered":"Le chanteur Patrick Bruel, mis en examen pour violences sexuelles, annonce l&rsquo;annulation de sa tourn\u00e9e pr\u00e9vue \u00e0 l&rsquo;automne"},"content":{"rendered":"<p>\u00ab\u00a0Cette d\u00e9cision ne signifie en aucun cas que je renonce \u00e0 me d\u00e9fendre. Je la prends librement. La justice ne m&rsquo;y oblige en rien\u00a0\u00bb, a justifi\u00e9 le chanteur sur Instagram mardi soir.<\/p>","protected":false},"excerpt":{"rendered":"<p>\u00ab\u00a0Cette d\u00e9cision ne signifie en aucun cas que je renonce \u00e0 me d\u00e9fendre. Je la prends librement. La justice ne m&rsquo;y oblige en rien\u00a0\u00bb, a justifi\u00e9 le chanteur sur Instagram [&hellip;]<\/p>\n","protected":false},"author":2,"featured_media":527616,"comment_status":"","ping_status":"closed","sticky":false,"template":"","format":"standard","meta":{"footnotes":""},"categories":[106],"tags":[],"class_list":["post-527615","post","type-post","status-publish","format-standard","has-post-thumbnail","hentry","category-actualites"],"_links":{"self":[{"href":"https:\/\/info-des-communes.fr\/index.php?rest_route=\/wp\/v2\/posts\/527615","targetHints":{"allow":["GET"]}}],"collection":[{"href":"https:\/\/info-des-communes.fr\/index.php?rest_route=\/wp\/v2\/posts"}],"about":[{"href":"https:\/\/info-des-communes.fr\/index.php?rest_route=\/wp\/v2\/types\/post"}],"author":[{"embeddable":true,"href":"https:\/\/info-des-communes.fr\/index.php?rest_route=\/wp\/v2\/users\/2"}],"replies":[{"embeddable":true,"href":"https:\/\/info-des-communes.fr\/index.php?rest_route=%2Fwp%2Fv2%2Fcomments&post=527615"}],"version-history":[{"count":0,"href":"https:\/\/info-des-communes.fr\/index.php?rest_route=\/wp\/v2\/posts\/527615\/revisions"}],"wp:featuredmedia":[{"embeddable":true,"href":"https:\/\/info-des-communes.fr\/index.php?rest_route=\/wp\/v2\/media\/527616"}],"wp:attachment":[{"href":"https:\/\/info-des-communes.fr\/index.php?rest_route=%2Fwp%2Fv2%2Fmedia&parent=527615"}],"wp:term":[{"taxonomy":"category","embeddable":true,"href":"https:\/\/info-des-communes.fr\/index.php?rest_route=%2Fwp%2Fv2%2Fcategories&post=527615"},{"taxonomy":"post_tag","embeddable":true,"href":"https:\/\/info-des-communes.fr\/index.php?rest_route=%2Fwp%2Fv2%2Ftags&post=527615"}],"curies":[{"name":"wp","href":"https:\/\/api.w.org\/{rel}","templated":true}]}}