{"id":527611,"date":"2026-09-01T17:13:29","date_gmt":"2026-09-01T15:13:29","guid":{"rendered":"https:\/\/info-des-communes.fr\/?p=527611"},"modified":"2026-09-01T17:13:29","modified_gmt":"2026-09-01T15:13:29","slug":"deux-manifestants-blesses-par-un-bus-lors-dune-greve-le-patron-de-lentreprise-place-en-garde-a-vue","status":"publish","type":"post","link":"https:\/\/info-des-communes.fr\/?p=527611","title":{"rendered":"Deux manifestants bless\u00e9s par un bus lors d&rsquo;une gr\u00e8ve, le patron de l&rsquo;entreprise plac\u00e9 en garde \u00e0 vue"},"content":{"rendered":"<p>Les bless\u00e9s, une femme de 24 ans et un homme de 45 ans, ont \u00e9t\u00e9 transport\u00e9s au CHU de Reims en urgence relative.<\/p>","protected":false},"excerpt":{"rendered":"<p>Les bless\u00e9s, une femme de 24 ans et un homme de 45 ans, ont \u00e9t\u00e9 transport\u00e9s au CHU de Reims en urgence relative.<\/p>\n","protected":false},"author":2,"featured_media":527612,"comment_status":"","ping_status":"closed","sticky":false,"template":"","format":"standard","meta":{"footnotes":""},"categories":[106],"tags":[],"class_list":["post-527611","post","type-post","status-publish","format-standard","has-post-thumbnail","hentry","category-actualites"],"_links":{"self":[{"href":"https:\/\/info-des-communes.fr\/index.php?rest_route=\/wp\/v2\/posts\/527611","targetHints":{"allow":["GET"]}}],"collection":[{"href":"https:\/\/info-des-communes.fr\/index.php?rest_route=\/wp\/v2\/posts"}],"about":[{"href":"https:\/\/info-des-communes.fr\/index.php?rest_route=\/wp\/v2\/types\/post"}],"author":[{"embeddable":true,"href":"https:\/\/info-des-communes.fr\/index.php?rest_route=\/wp\/v2\/users\/2"}],"replies":[{"embeddable":true,"href":"https:\/\/info-des-communes.fr\/index.php?rest_route=%2Fwp%2Fv2%2Fcomments&post=527611"}],"version-history":[{"count":0,"href":"https:\/\/info-des-communes.fr\/index.php?rest_route=\/wp\/v2\/posts\/527611\/revisions"}],"wp:featuredmedia":[{"embeddable":true,"href":"https:\/\/info-des-communes.fr\/index.php?rest_route=\/wp\/v2\/media\/527612"}],"wp:attachment":[{"href":"https:\/\/info-des-communes.fr\/index.php?rest_route=%2Fwp%2Fv2%2Fmedia&parent=527611"}],"wp:term":[{"taxonomy":"category","embeddable":true,"href":"https:\/\/info-des-communes.fr\/index.php?rest_route=%2Fwp%2Fv2%2Fcategories&post=527611"},{"taxonomy":"post_tag","embeddable":true,"href":"https:\/\/info-des-communes.fr\/index.php?rest_route=%2Fwp%2Fv2%2Ftags&post=527611"}],"curies":[{"name":"wp","href":"https:\/\/api.w.org\/{rel}","templated":true}]}}