{"id":527607,"date":"2026-09-01T14:03:50","date_gmt":"2026-09-01T12:03:50","guid":{"rendered":"https:\/\/info-des-communes.fr\/?p=527607"},"modified":"2026-09-01T14:03:50","modified_gmt":"2026-09-01T12:03:50","slug":"plafonnement-des-arrets-maladie-cest-du-bricolage-lessentiel-des-mesures-a-prendre-est-ailleurs-estime-un-economiste-de-la-sante","status":"publish","type":"post","link":"https:\/\/info-des-communes.fr\/?p=527607","title":{"rendered":"Plafonnement des arr\u00eats maladie : \u00ab\u00a0C\u2019est du bricolage, l&rsquo;essentiel des mesures \u00e0 prendre est ailleurs\u00a0\u00bb, estime un \u00e9conomiste de la sant\u00e9"},"content":{"rendered":"<p>Les r\u00e8gles concernant la d\u00e9livrance des arr\u00eats de travail se durcissent. \u00c0 compter de mardi, le premier arr\u00eat est limit\u00e9 \u00e0 un mois, et chaque prolongation, sauf exception, ne pourra pas exc\u00e9der deux mois.<\/p>","protected":false},"excerpt":{"rendered":"<p>Les r\u00e8gles concernant la d\u00e9livrance des arr\u00eats de travail se durcissent. \u00c0 compter de mardi, le premier arr\u00eat est limit\u00e9 \u00e0 un mois, et chaque prolongation, sauf exception, ne pourra [&hellip;]<\/p>\n","protected":false},"author":2,"featured_media":527608,"comment_status":"","ping_status":"closed","sticky":false,"template":"","format":"standard","meta":{"footnotes":""},"categories":[106],"tags":[],"class_list":["post-527607","post","type-post","status-publish","format-standard","has-post-thumbnail","hentry","category-actualites"],"_links":{"self":[{"href":"https:\/\/info-des-communes.fr\/index.php?rest_route=\/wp\/v2\/posts\/527607","targetHints":{"allow":["GET"]}}],"collection":[{"href":"https:\/\/info-des-communes.fr\/index.php?rest_route=\/wp\/v2\/posts"}],"about":[{"href":"https:\/\/info-des-communes.fr\/index.php?rest_route=\/wp\/v2\/types\/post"}],"author":[{"embeddable":true,"href":"https:\/\/info-des-communes.fr\/index.php?rest_route=\/wp\/v2\/users\/2"}],"replies":[{"embeddable":true,"href":"https:\/\/info-des-communes.fr\/index.php?rest_route=%2Fwp%2Fv2%2Fcomments&post=527607"}],"version-history":[{"count":0,"href":"https:\/\/info-des-communes.fr\/index.php?rest_route=\/wp\/v2\/posts\/527607\/revisions"}],"wp:featuredmedia":[{"embeddable":true,"href":"https:\/\/info-des-communes.fr\/index.php?rest_route=\/wp\/v2\/media\/527608"}],"wp:attachment":[{"href":"https:\/\/info-des-communes.fr\/index.php?rest_route=%2Fwp%2Fv2%2Fmedia&parent=527607"}],"wp:term":[{"taxonomy":"category","embeddable":true,"href":"https:\/\/info-des-communes.fr\/index.php?rest_route=%2Fwp%2Fv2%2Fcategories&post=527607"},{"taxonomy":"post_tag","embeddable":true,"href":"https:\/\/info-des-communes.fr\/index.php?rest_route=%2Fwp%2Fv2%2Ftags&post=527607"}],"curies":[{"name":"wp","href":"https:\/\/api.w.org\/{rel}","templated":true}]}}