{"id":527603,"date":"2026-09-01T15:03:06","date_gmt":"2026-09-01T13:03:06","guid":{"rendered":"https:\/\/info-des-communes.fr\/?p=527603"},"modified":"2026-09-01T15:03:06","modified_gmt":"2026-09-01T13:03:06","slug":"dans-la-lignee-de-cet-ete-interminable-la-chaleur-va-faire-son-retour-cette-semaine-en-france-jusqua-38c-attendus-dans-le-sud-ouest","status":"publish","type":"post","link":"https:\/\/info-des-communes.fr\/?p=527603","title":{"rendered":"\u00ab\u00a0Dans la lign\u00e9e de cet \u00e9t\u00e9 interminable\u00a0\u00bb\u00a0: la chaleur va faire son retour cette semaine en France, jusqu&rsquo;\u00e0 38\u00b0C attendus dans le Sud-Ouest"},"content":{"rendered":"<p>Les temp\u00e9ratures vont fortement grimper \u00e0 partir de jeudi, particuli\u00e8rement dans le sud du pays. L&rsquo;\u00e9pisode devrait rester sous les seuils d&rsquo;une vague de chaleur, mais des records pour un mois de septembre pourraient \u00eatre d\u00e9pass\u00e9s.<\/p>","protected":false},"excerpt":{"rendered":"<p>Les temp\u00e9ratures vont fortement grimper \u00e0 partir de jeudi, particuli\u00e8rement dans le sud du pays. L&rsquo;\u00e9pisode devrait rester sous les seuils d&rsquo;une vague de chaleur, mais des records pour un [&hellip;]<\/p>\n","protected":false},"author":2,"featured_media":527604,"comment_status":"","ping_status":"closed","sticky":false,"template":"","format":"standard","meta":{"footnotes":""},"categories":[106],"tags":[],"class_list":["post-527603","post","type-post","status-publish","format-standard","has-post-thumbnail","hentry","category-actualites"],"_links":{"self":[{"href":"https:\/\/info-des-communes.fr\/index.php?rest_route=\/wp\/v2\/posts\/527603","targetHints":{"allow":["GET"]}}],"collection":[{"href":"https:\/\/info-des-communes.fr\/index.php?rest_route=\/wp\/v2\/posts"}],"about":[{"href":"https:\/\/info-des-communes.fr\/index.php?rest_route=\/wp\/v2\/types\/post"}],"author":[{"embeddable":true,"href":"https:\/\/info-des-communes.fr\/index.php?rest_route=\/wp\/v2\/users\/2"}],"replies":[{"embeddable":true,"href":"https:\/\/info-des-communes.fr\/index.php?rest_route=%2Fwp%2Fv2%2Fcomments&post=527603"}],"version-history":[{"count":0,"href":"https:\/\/info-des-communes.fr\/index.php?rest_route=\/wp\/v2\/posts\/527603\/revisions"}],"wp:featuredmedia":[{"embeddable":true,"href":"https:\/\/info-des-communes.fr\/index.php?rest_route=\/wp\/v2\/media\/527604"}],"wp:attachment":[{"href":"https:\/\/info-des-communes.fr\/index.php?rest_route=%2Fwp%2Fv2%2Fmedia&parent=527603"}],"wp:term":[{"taxonomy":"category","embeddable":true,"href":"https:\/\/info-des-communes.fr\/index.php?rest_route=%2Fwp%2Fv2%2Fcategories&post=527603"},{"taxonomy":"post_tag","embeddable":true,"href":"https:\/\/info-des-communes.fr\/index.php?rest_route=%2Fwp%2Fv2%2Ftags&post=527603"}],"curies":[{"name":"wp","href":"https:\/\/api.w.org\/{rel}","templated":true}]}}