{"id":527601,"date":"2026-09-01T13:18:20","date_gmt":"2026-09-01T11:18:20","guid":{"rendered":"https:\/\/info-des-communes.fr\/?p=527601"},"modified":"2026-09-01T13:18:20","modified_gmt":"2026-09-01T11:18:20","slug":"edouard-balladur-a-expressement-dit-quil-ne-voulait-pas-dhommage-public-ni-deloge-funebre","status":"publish","type":"post","link":"https:\/\/info-des-communes.fr\/?p=527601","title":{"rendered":"Edouard Balladur \u00ab\u00a0a express\u00e9ment dit qu&rsquo;il ne voulait pas d&rsquo;hommage public ni d&rsquo;\u00e9loge fun\u00e8bre\u00a0\u00bb"},"content":{"rendered":"<p>L&rsquo;ancien Premier ministre voulait des obs\u00e8ques strictement familiales, \u00ab\u00a0dans la simplicit\u00e9, humble, d\u00e9pouill\u00e9\u00a0\u00bb, indique mardi l&rsquo;un de ses proches \u00e0 France Inter.<\/p>","protected":false},"excerpt":{"rendered":"<p>L&rsquo;ancien Premier ministre voulait des obs\u00e8ques strictement familiales, \u00ab\u00a0dans la simplicit\u00e9, humble, d\u00e9pouill\u00e9\u00a0\u00bb, indique mardi l&rsquo;un de ses proches \u00e0 France Inter.<\/p>\n","protected":false},"author":2,"featured_media":527602,"comment_status":"","ping_status":"closed","sticky":false,"template":"","format":"standard","meta":{"footnotes":""},"categories":[106],"tags":[],"class_list":["post-527601","post","type-post","status-publish","format-standard","has-post-thumbnail","hentry","category-actualites"],"_links":{"self":[{"href":"https:\/\/info-des-communes.fr\/index.php?rest_route=\/wp\/v2\/posts\/527601","targetHints":{"allow":["GET"]}}],"collection":[{"href":"https:\/\/info-des-communes.fr\/index.php?rest_route=\/wp\/v2\/posts"}],"about":[{"href":"https:\/\/info-des-communes.fr\/index.php?rest_route=\/wp\/v2\/types\/post"}],"author":[{"embeddable":true,"href":"https:\/\/info-des-communes.fr\/index.php?rest_route=\/wp\/v2\/users\/2"}],"replies":[{"embeddable":true,"href":"https:\/\/info-des-communes.fr\/index.php?rest_route=%2Fwp%2Fv2%2Fcomments&post=527601"}],"version-history":[{"count":0,"href":"https:\/\/info-des-communes.fr\/index.php?rest_route=\/wp\/v2\/posts\/527601\/revisions"}],"wp:featuredmedia":[{"embeddable":true,"href":"https:\/\/info-des-communes.fr\/index.php?rest_route=\/wp\/v2\/media\/527602"}],"wp:attachment":[{"href":"https:\/\/info-des-communes.fr\/index.php?rest_route=%2Fwp%2Fv2%2Fmedia&parent=527601"}],"wp:term":[{"taxonomy":"category","embeddable":true,"href":"https:\/\/info-des-communes.fr\/index.php?rest_route=%2Fwp%2Fv2%2Fcategories&post=527601"},{"taxonomy":"post_tag","embeddable":true,"href":"https:\/\/info-des-communes.fr\/index.php?rest_route=%2Fwp%2Fv2%2Ftags&post=527601"}],"curies":[{"name":"wp","href":"https:\/\/api.w.org\/{rel}","templated":true}]}}