{"id":527597,"date":"2026-09-01T12:17:22","date_gmt":"2026-09-01T10:17:22","guid":{"rendered":"https:\/\/info-des-communes.fr\/?p=527597"},"modified":"2026-09-01T12:17:22","modified_gmt":"2026-09-01T10:17:22","slug":"troisieme-sortie-dans-lespace-de-sophie-adenot-suivez-la-nouvelle-mission-menee-par-lastronaute-hors-de-liss-a-partir-de-14h30","status":"publish","type":"post","link":"https:\/\/info-des-communes.fr\/?p=527597","title":{"rendered":"Troisi\u00e8me sortie dans l&rsquo;espace de Sophie Adenot\u00a0: suivez la nouvelle mission men\u00e9e par l&rsquo;astronaute hors de l&rsquo;ISS \u00e0 partir de 14h30"},"content":{"rendered":"<p>La Fran\u00e7aise va diriger mardi une sortie extrav\u00e9hiculaire 100% f\u00e9minine. Elle est accompagn\u00e9e de l&rsquo;astronaute am\u00e9ricaine Jessica Meir, qui a particip\u00e9, en 2019, \u00e0 la premi\u00e8re sortie spatiale effectu\u00e9e par deux femmes.<\/p>","protected":false},"excerpt":{"rendered":"<p>La Fran\u00e7aise va diriger mardi une sortie extrav\u00e9hiculaire 100% f\u00e9minine. Elle est accompagn\u00e9e de l&rsquo;astronaute am\u00e9ricaine Jessica Meir, qui a particip\u00e9, en 2019, \u00e0 la premi\u00e8re sortie spatiale effectu\u00e9e par [&hellip;]<\/p>\n","protected":false},"author":2,"featured_media":527598,"comment_status":"","ping_status":"closed","sticky":false,"template":"","format":"standard","meta":{"footnotes":""},"categories":[106],"tags":[],"class_list":["post-527597","post","type-post","status-publish","format-standard","has-post-thumbnail","hentry","category-actualites"],"_links":{"self":[{"href":"https:\/\/info-des-communes.fr\/index.php?rest_route=\/wp\/v2\/posts\/527597","targetHints":{"allow":["GET"]}}],"collection":[{"href":"https:\/\/info-des-communes.fr\/index.php?rest_route=\/wp\/v2\/posts"}],"about":[{"href":"https:\/\/info-des-communes.fr\/index.php?rest_route=\/wp\/v2\/types\/post"}],"author":[{"embeddable":true,"href":"https:\/\/info-des-communes.fr\/index.php?rest_route=\/wp\/v2\/users\/2"}],"replies":[{"embeddable":true,"href":"https:\/\/info-des-communes.fr\/index.php?rest_route=%2Fwp%2Fv2%2Fcomments&post=527597"}],"version-history":[{"count":0,"href":"https:\/\/info-des-communes.fr\/index.php?rest_route=\/wp\/v2\/posts\/527597\/revisions"}],"wp:featuredmedia":[{"embeddable":true,"href":"https:\/\/info-des-communes.fr\/index.php?rest_route=\/wp\/v2\/media\/527598"}],"wp:attachment":[{"href":"https:\/\/info-des-communes.fr\/index.php?rest_route=%2Fwp%2Fv2%2Fmedia&parent=527597"}],"wp:term":[{"taxonomy":"category","embeddable":true,"href":"https:\/\/info-des-communes.fr\/index.php?rest_route=%2Fwp%2Fv2%2Fcategories&post=527597"},{"taxonomy":"post_tag","embeddable":true,"href":"https:\/\/info-des-communes.fr\/index.php?rest_route=%2Fwp%2Fv2%2Ftags&post=527597"}],"curies":[{"name":"wp","href":"https:\/\/api.w.org\/{rel}","templated":true}]}}