{"id":527593,"date":"2026-09-01T10:46:35","date_gmt":"2026-09-01T08:46:35","guid":{"rendered":"https:\/\/info-des-communes.fr\/?p=527593"},"modified":"2026-09-01T10:46:35","modified_gmt":"2026-09-01T08:46:35","slug":"desindexation-des-retraites-rien-nest-tranche-rappelle-le-ministre-du-travail-qui-confirme-environ-2-milliards-deconomies-sur-son-enveloppe-pour-2027","status":"publish","type":"post","link":"https:\/\/info-des-communes.fr\/?p=527593","title":{"rendered":"D\u00e9sindexation des retraites : \u00ab\u00a0Rien n&rsquo;est tranch\u00e9\u00a0\u00bb, rappelle le ministre du Travail, qui confirme \u00ab\u00a0environ 2 milliards d&rsquo;\u00e9conomies\u00a0\u00bb sur son enveloppe pour 2027"},"content":{"rendered":"<p>Invit\u00e9 politique de \u00ab\u00a0La Matinale\u00a0\u00bb mardi 1er septembre, Jean-Pierre Farandou confirme le chiffre de pr\u00e8s de deux milliards d&rsquo;euros en moins pour le minist\u00e8re du Travail et des Solidarit\u00e9s dans la copie du prochain budget, sans trancher sur la question des retraites. \u00ab\u00a0Ce n&rsquo;est pas qu&rsquo;aux retrait\u00e9s de faire des efforts, tout le monde doit en faire\u00a0\u00bb, souligne-t-il par ailleurs.<\/p>","protected":false},"excerpt":{"rendered":"<p>Invit\u00e9 politique de \u00ab\u00a0La Matinale\u00a0\u00bb mardi 1er septembre, Jean-Pierre Farandou confirme le chiffre de pr\u00e8s de deux milliards d&rsquo;euros en moins pour le minist\u00e8re du Travail et des Solidarit\u00e9s dans [&hellip;]<\/p>\n","protected":false},"author":2,"featured_media":527594,"comment_status":"","ping_status":"closed","sticky":false,"template":"","format":"standard","meta":{"footnotes":""},"categories":[106],"tags":[],"class_list":["post-527593","post","type-post","status-publish","format-standard","has-post-thumbnail","hentry","category-actualites"],"_links":{"self":[{"href":"https:\/\/info-des-communes.fr\/index.php?rest_route=\/wp\/v2\/posts\/527593","targetHints":{"allow":["GET"]}}],"collection":[{"href":"https:\/\/info-des-communes.fr\/index.php?rest_route=\/wp\/v2\/posts"}],"about":[{"href":"https:\/\/info-des-communes.fr\/index.php?rest_route=\/wp\/v2\/types\/post"}],"author":[{"embeddable":true,"href":"https:\/\/info-des-communes.fr\/index.php?rest_route=\/wp\/v2\/users\/2"}],"replies":[{"embeddable":true,"href":"https:\/\/info-des-communes.fr\/index.php?rest_route=%2Fwp%2Fv2%2Fcomments&post=527593"}],"version-history":[{"count":0,"href":"https:\/\/info-des-communes.fr\/index.php?rest_route=\/wp\/v2\/posts\/527593\/revisions"}],"wp:featuredmedia":[{"embeddable":true,"href":"https:\/\/info-des-communes.fr\/index.php?rest_route=\/wp\/v2\/media\/527594"}],"wp:attachment":[{"href":"https:\/\/info-des-communes.fr\/index.php?rest_route=%2Fwp%2Fv2%2Fmedia&parent=527593"}],"wp:term":[{"taxonomy":"category","embeddable":true,"href":"https:\/\/info-des-communes.fr\/index.php?rest_route=%2Fwp%2Fv2%2Fcategories&post=527593"},{"taxonomy":"post_tag","embeddable":true,"href":"https:\/\/info-des-communes.fr\/index.php?rest_route=%2Fwp%2Fv2%2Ftags&post=527593"}],"curies":[{"name":"wp","href":"https:\/\/api.w.org\/{rel}","templated":true}]}}