{"id":527591,"date":"2026-09-01T11:02:01","date_gmt":"2026-09-01T09:02:01","guid":{"rendered":"https:\/\/info-des-communes.fr\/?p=527591"},"modified":"2026-09-01T11:02:01","modified_gmt":"2026-09-01T09:02:01","slug":"nous-entrons-dans-un-monde-de-la-rarete-previent-le-patron-de-cooperative-u-apres-la-secheresse-de-cet-ete","status":"publish","type":"post","link":"https:\/\/info-des-communes.fr\/?p=527591","title":{"rendered":"\u00ab\u00a0Nous entrons dans un monde de la raret\u00e9\u00a0\u00bb, pr\u00e9vient le patron de Coop\u00e9rative\u00a0U apr\u00e8s la s\u00e9cheresse de cet \u00e9t\u00e9"},"content":{"rendered":"<p>Les rendements sont en baisse cette ann\u00e9e, \u00ab\u00a0moins 30% sur la salade\u00a0\u00bb par exemple, indique Dominique Schelcher, mardi sur France Inter, alors que les fruits et l\u00e9gumes sont aussi de plus petits calibres.<\/p>","protected":false},"excerpt":{"rendered":"<p>Les rendements sont en baisse cette ann\u00e9e, \u00ab\u00a0moins 30% sur la salade\u00a0\u00bb par exemple, indique Dominique Schelcher, mardi sur France Inter, alors que les fruits et l\u00e9gumes sont aussi de [&hellip;]<\/p>\n","protected":false},"author":2,"featured_media":527592,"comment_status":"","ping_status":"closed","sticky":false,"template":"","format":"standard","meta":{"footnotes":""},"categories":[106],"tags":[],"class_list":["post-527591","post","type-post","status-publish","format-standard","has-post-thumbnail","hentry","category-actualites"],"_links":{"self":[{"href":"https:\/\/info-des-communes.fr\/index.php?rest_route=\/wp\/v2\/posts\/527591","targetHints":{"allow":["GET"]}}],"collection":[{"href":"https:\/\/info-des-communes.fr\/index.php?rest_route=\/wp\/v2\/posts"}],"about":[{"href":"https:\/\/info-des-communes.fr\/index.php?rest_route=\/wp\/v2\/types\/post"}],"author":[{"embeddable":true,"href":"https:\/\/info-des-communes.fr\/index.php?rest_route=\/wp\/v2\/users\/2"}],"replies":[{"embeddable":true,"href":"https:\/\/info-des-communes.fr\/index.php?rest_route=%2Fwp%2Fv2%2Fcomments&post=527591"}],"version-history":[{"count":0,"href":"https:\/\/info-des-communes.fr\/index.php?rest_route=\/wp\/v2\/posts\/527591\/revisions"}],"wp:featuredmedia":[{"embeddable":true,"href":"https:\/\/info-des-communes.fr\/index.php?rest_route=\/wp\/v2\/media\/527592"}],"wp:attachment":[{"href":"https:\/\/info-des-communes.fr\/index.php?rest_route=%2Fwp%2Fv2%2Fmedia&parent=527591"}],"wp:term":[{"taxonomy":"category","embeddable":true,"href":"https:\/\/info-des-communes.fr\/index.php?rest_route=%2Fwp%2Fv2%2Fcategories&post=527591"},{"taxonomy":"post_tag","embeddable":true,"href":"https:\/\/info-des-communes.fr\/index.php?rest_route=%2Fwp%2Fv2%2Ftags&post=527591"}],"curies":[{"name":"wp","href":"https:\/\/api.w.org\/{rel}","templated":true}]}}