{"id":527589,"date":"2026-09-01T10:47:21","date_gmt":"2026-09-01T08:47:21","guid":{"rendered":"https:\/\/info-des-communes.fr\/?p=527589"},"modified":"2026-09-01T10:47:21","modified_gmt":"2026-09-01T08:47:21","slug":"personne-ne-va-mener-la-chasse-aux-femmes-voilees-affirme-le-depute-rn-jean-philippe-tanguy-apres-sa-proposition-de-sanctionner-le-port-du-voile","status":"publish","type":"post","link":"https:\/\/info-des-communes.fr\/?p=527589","title":{"rendered":"\u00ab\u00a0Personne ne va mener la chasse aux femmes voil\u00e9es\u00a0\u00bb, affirme le d\u00e9put\u00e9 RN Jean-Philippe Tanguy, apr\u00e8s sa proposition de sanctionner le port du voile"},"content":{"rendered":"<p>En cas de victoire \u00e0 la pr\u00e9sidentielle\u00a02027, le Rassemblement national veut un r\u00e9f\u00e9rendum sur l&rsquo;interdiction du port du voile. Cette mesure permettra de \u00ab\u00a0prot\u00e9ger\u00a0\u00bb les femmes \u00ab\u00a0en \u00e9vitant que ce voile s&rsquo;impose dans la civilisation fran\u00e7aise\u00a0\u00bb, estime Jean-Philippe Tanguy, mardi sur franceinfo.<\/p>","protected":false},"excerpt":{"rendered":"<p>En cas de victoire \u00e0 la pr\u00e9sidentielle\u00a02027, le Rassemblement national veut un r\u00e9f\u00e9rendum sur l&rsquo;interdiction du port du voile. Cette mesure permettra de \u00ab\u00a0prot\u00e9ger\u00a0\u00bb les femmes \u00ab\u00a0en \u00e9vitant que ce [&hellip;]<\/p>\n","protected":false},"author":2,"featured_media":527590,"comment_status":"","ping_status":"closed","sticky":false,"template":"","format":"standard","meta":{"footnotes":""},"categories":[106],"tags":[],"class_list":["post-527589","post","type-post","status-publish","format-standard","has-post-thumbnail","hentry","category-actualites"],"_links":{"self":[{"href":"https:\/\/info-des-communes.fr\/index.php?rest_route=\/wp\/v2\/posts\/527589","targetHints":{"allow":["GET"]}}],"collection":[{"href":"https:\/\/info-des-communes.fr\/index.php?rest_route=\/wp\/v2\/posts"}],"about":[{"href":"https:\/\/info-des-communes.fr\/index.php?rest_route=\/wp\/v2\/types\/post"}],"author":[{"embeddable":true,"href":"https:\/\/info-des-communes.fr\/index.php?rest_route=\/wp\/v2\/users\/2"}],"replies":[{"embeddable":true,"href":"https:\/\/info-des-communes.fr\/index.php?rest_route=%2Fwp%2Fv2%2Fcomments&post=527589"}],"version-history":[{"count":0,"href":"https:\/\/info-des-communes.fr\/index.php?rest_route=\/wp\/v2\/posts\/527589\/revisions"}],"wp:featuredmedia":[{"embeddable":true,"href":"https:\/\/info-des-communes.fr\/index.php?rest_route=\/wp\/v2\/media\/527590"}],"wp:attachment":[{"href":"https:\/\/info-des-communes.fr\/index.php?rest_route=%2Fwp%2Fv2%2Fmedia&parent=527589"}],"wp:term":[{"taxonomy":"category","embeddable":true,"href":"https:\/\/info-des-communes.fr\/index.php?rest_route=%2Fwp%2Fv2%2Fcategories&post=527589"},{"taxonomy":"post_tag","embeddable":true,"href":"https:\/\/info-des-communes.fr\/index.php?rest_route=%2Fwp%2Fv2%2Ftags&post=527589"}],"curies":[{"name":"wp","href":"https:\/\/api.w.org\/{rel}","templated":true}]}}