{"id":527583,"date":"2026-09-01T08:07:26","date_gmt":"2026-09-01T06:07:26","guid":{"rendered":"https:\/\/info-des-communes.fr\/?p=527583"},"modified":"2026-09-01T08:07:26","modified_gmt":"2026-09-01T06:07:26","slug":"cest-une-atteinte-a-la-liberte-les-femmes-qui-portent-un-voile-sous-le-choc-apres-la-proposition-dun-referendum-par-le-rn","status":"publish","type":"post","link":"https:\/\/info-des-communes.fr\/?p=527583","title":{"rendered":"\u00ab\u00a0C&rsquo;est une atteinte \u00e0 la libert\u00e9\u00a0!\u00a0\u00bb\u00a0: les femmes qui portent un voile sous le choc, apr\u00e8s la proposition d&rsquo;un r\u00e9f\u00e9rendum par le RN"},"content":{"rendered":"<p>En cas de victoire \u00e0 la pr\u00e9sidentielle\u00a02027, le Rassemblement national veut consulter les Fran\u00e7ais sur l&rsquo;interdiction du port du voile. Dans un centre commercial de la r\u00e9gion parisienne, les principales concern\u00e9es s&rsquo;interrogent sur l&rsquo;in\u00e9galit\u00e9 de traitement entre les diff\u00e9rentes religions.<\/p>","protected":false},"excerpt":{"rendered":"<p>En cas de victoire \u00e0 la pr\u00e9sidentielle\u00a02027, le Rassemblement national veut consulter les Fran\u00e7ais sur l&rsquo;interdiction du port du voile. Dans un centre commercial de la r\u00e9gion parisienne, les principales [&hellip;]<\/p>\n","protected":false},"author":2,"featured_media":527584,"comment_status":"","ping_status":"closed","sticky":false,"template":"","format":"standard","meta":{"footnotes":""},"categories":[106],"tags":[],"class_list":["post-527583","post","type-post","status-publish","format-standard","has-post-thumbnail","hentry","category-actualites"],"_links":{"self":[{"href":"https:\/\/info-des-communes.fr\/index.php?rest_route=\/wp\/v2\/posts\/527583","targetHints":{"allow":["GET"]}}],"collection":[{"href":"https:\/\/info-des-communes.fr\/index.php?rest_route=\/wp\/v2\/posts"}],"about":[{"href":"https:\/\/info-des-communes.fr\/index.php?rest_route=\/wp\/v2\/types\/post"}],"author":[{"embeddable":true,"href":"https:\/\/info-des-communes.fr\/index.php?rest_route=\/wp\/v2\/users\/2"}],"replies":[{"embeddable":true,"href":"https:\/\/info-des-communes.fr\/index.php?rest_route=%2Fwp%2Fv2%2Fcomments&post=527583"}],"version-history":[{"count":0,"href":"https:\/\/info-des-communes.fr\/index.php?rest_route=\/wp\/v2\/posts\/527583\/revisions"}],"wp:featuredmedia":[{"embeddable":true,"href":"https:\/\/info-des-communes.fr\/index.php?rest_route=\/wp\/v2\/media\/527584"}],"wp:attachment":[{"href":"https:\/\/info-des-communes.fr\/index.php?rest_route=%2Fwp%2Fv2%2Fmedia&parent=527583"}],"wp:term":[{"taxonomy":"category","embeddable":true,"href":"https:\/\/info-des-communes.fr\/index.php?rest_route=%2Fwp%2Fv2%2Fcategories&post=527583"},{"taxonomy":"post_tag","embeddable":true,"href":"https:\/\/info-des-communes.fr\/index.php?rest_route=%2Fwp%2Fv2%2Ftags&post=527583"}],"curies":[{"name":"wp","href":"https:\/\/api.w.org\/{rel}","templated":true}]}}