{"id":527575,"date":"2026-09-01T06:20:02","date_gmt":"2026-09-01T04:20:02","guid":{"rendered":"https:\/\/info-des-communes.fr\/?p=527575"},"modified":"2026-09-01T06:20:02","modified_gmt":"2026-09-01T04:20:02","slug":"un-ancien-membre-dun-gang-de-los-angeles-reconnu-coupable-du-meurtre-de-la-legende-du-rap-tupac-shakur-trente-ans-apres-sa-mort","status":"publish","type":"post","link":"https:\/\/info-des-communes.fr\/?p=527575","title":{"rendered":"Un ancien membre d&rsquo;un gang de Los Angeles reconnu coupable du meurtre de la l\u00e9gende du rap Tupac Shakur, trente ans apr\u00e8s sa mort"},"content":{"rendered":"<p>Le prononc\u00e9 de la peine aura lieu le 13 octobre prochain. Duane Davis a d\u00e9clar\u00e9 dans la salle d&rsquo;audience vouloir faire appel de la d\u00e9cision.<\/p>","protected":false},"excerpt":{"rendered":"<p>Le prononc\u00e9 de la peine aura lieu le 13 octobre prochain. Duane Davis a d\u00e9clar\u00e9 dans la salle d&rsquo;audience vouloir faire appel de la d\u00e9cision.<\/p>\n","protected":false},"author":2,"featured_media":527576,"comment_status":"","ping_status":"closed","sticky":false,"template":"","format":"standard","meta":{"footnotes":""},"categories":[106],"tags":[],"class_list":["post-527575","post","type-post","status-publish","format-standard","has-post-thumbnail","hentry","category-actualites"],"_links":{"self":[{"href":"https:\/\/info-des-communes.fr\/index.php?rest_route=\/wp\/v2\/posts\/527575","targetHints":{"allow":["GET"]}}],"collection":[{"href":"https:\/\/info-des-communes.fr\/index.php?rest_route=\/wp\/v2\/posts"}],"about":[{"href":"https:\/\/info-des-communes.fr\/index.php?rest_route=\/wp\/v2\/types\/post"}],"author":[{"embeddable":true,"href":"https:\/\/info-des-communes.fr\/index.php?rest_route=\/wp\/v2\/users\/2"}],"replies":[{"embeddable":true,"href":"https:\/\/info-des-communes.fr\/index.php?rest_route=%2Fwp%2Fv2%2Fcomments&post=527575"}],"version-history":[{"count":0,"href":"https:\/\/info-des-communes.fr\/index.php?rest_route=\/wp\/v2\/posts\/527575\/revisions"}],"wp:featuredmedia":[{"embeddable":true,"href":"https:\/\/info-des-communes.fr\/index.php?rest_route=\/wp\/v2\/media\/527576"}],"wp:attachment":[{"href":"https:\/\/info-des-communes.fr\/index.php?rest_route=%2Fwp%2Fv2%2Fmedia&parent=527575"}],"wp:term":[{"taxonomy":"category","embeddable":true,"href":"https:\/\/info-des-communes.fr\/index.php?rest_route=%2Fwp%2Fv2%2Fcategories&post=527575"},{"taxonomy":"post_tag","embeddable":true,"href":"https:\/\/info-des-communes.fr\/index.php?rest_route=%2Fwp%2Fv2%2Ftags&post=527575"}],"curies":[{"name":"wp","href":"https:\/\/api.w.org\/{rel}","templated":true}]}}