{"id":527571,"date":"2026-09-01T05:52:58","date_gmt":"2026-09-01T03:52:58","guid":{"rendered":"https:\/\/info-des-communes.fr\/?p=527571"},"modified":"2026-09-01T05:52:58","modified_gmt":"2026-09-01T03:52:58","slug":"je-ne-les-mets-au-periscolaire-que-le-strict-minimum-pour-la-rentree-la-confiance-des-familles-fragilisee","status":"publish","type":"post","link":"https:\/\/info-des-communes.fr\/?p=527571","title":{"rendered":"\u00ab\u00a0Je ne les mets au p\u00e9riscolaire que le strict minimum\u00a0\u00bb\u00a0: pour la rentr\u00e9e, la confiance des familles fragilis\u00e9e"},"content":{"rendered":"<p>La crise du p\u00e9riscolaire incite des familles \u00e0 remettre en question leurs choix de garde pour la nouvelle ann\u00e9e scolaire. Elles attendent des mairies des garanties de s\u00e9curit\u00e9 et plus de transparence.<\/p>","protected":false},"excerpt":{"rendered":"<p>La crise du p\u00e9riscolaire incite des familles \u00e0 remettre en question leurs choix de garde pour la nouvelle ann\u00e9e scolaire. Elles attendent des mairies des garanties de s\u00e9curit\u00e9 et plus [&hellip;]<\/p>\n","protected":false},"author":2,"featured_media":527572,"comment_status":"","ping_status":"closed","sticky":false,"template":"","format":"standard","meta":{"footnotes":""},"categories":[106],"tags":[],"class_list":["post-527571","post","type-post","status-publish","format-standard","has-post-thumbnail","hentry","category-actualites"],"_links":{"self":[{"href":"https:\/\/info-des-communes.fr\/index.php?rest_route=\/wp\/v2\/posts\/527571","targetHints":{"allow":["GET"]}}],"collection":[{"href":"https:\/\/info-des-communes.fr\/index.php?rest_route=\/wp\/v2\/posts"}],"about":[{"href":"https:\/\/info-des-communes.fr\/index.php?rest_route=\/wp\/v2\/types\/post"}],"author":[{"embeddable":true,"href":"https:\/\/info-des-communes.fr\/index.php?rest_route=\/wp\/v2\/users\/2"}],"replies":[{"embeddable":true,"href":"https:\/\/info-des-communes.fr\/index.php?rest_route=%2Fwp%2Fv2%2Fcomments&post=527571"}],"version-history":[{"count":0,"href":"https:\/\/info-des-communes.fr\/index.php?rest_route=\/wp\/v2\/posts\/527571\/revisions"}],"wp:featuredmedia":[{"embeddable":true,"href":"https:\/\/info-des-communes.fr\/index.php?rest_route=\/wp\/v2\/media\/527572"}],"wp:attachment":[{"href":"https:\/\/info-des-communes.fr\/index.php?rest_route=%2Fwp%2Fv2%2Fmedia&parent=527571"}],"wp:term":[{"taxonomy":"category","embeddable":true,"href":"https:\/\/info-des-communes.fr\/index.php?rest_route=%2Fwp%2Fv2%2Fcategories&post=527571"},{"taxonomy":"post_tag","embeddable":true,"href":"https:\/\/info-des-communes.fr\/index.php?rest_route=%2Fwp%2Fv2%2Ftags&post=527571"}],"curies":[{"name":"wp","href":"https:\/\/api.w.org\/{rel}","templated":true}]}}