{"id":527569,"date":"2026-09-01T06:03:05","date_gmt":"2026-09-01T04:03:05","guid":{"rendered":"https:\/\/info-des-communes.fr\/?p=527569"},"modified":"2026-09-01T06:03:05","modified_gmt":"2026-09-01T04:03:05","slug":"georges-pompidou-francais-mitterrand-jacques-chirac-la-carriere-politique-dedouard-balladur-en-photos","status":"publish","type":"post","link":"https:\/\/info-des-communes.fr\/?p=527569","title":{"rendered":"Georges Pompidou, Fran\u00e7ais Mitterrand, Jacques Chirac\u2026 La carri\u00e8re politique d&rsquo;Edouard Balladur en photos"},"content":{"rendered":"<p>Celui qui fut le dernier Premier ministre de Fran\u00e7ois Mitterrand de mars 1993 \u00e0 mai 1995 a marqu\u00e9 durablement la vie politique fran\u00e7aise, avant de s&rsquo;\u00e9teindre lundi \u00e0 97 ans.<\/p>","protected":false},"excerpt":{"rendered":"<p>Celui qui fut le dernier Premier ministre de Fran\u00e7ois Mitterrand de mars 1993 \u00e0 mai 1995 a marqu\u00e9 durablement la vie politique fran\u00e7aise, avant de s&rsquo;\u00e9teindre lundi \u00e0 97 ans.<\/p>\n","protected":false},"author":2,"featured_media":527570,"comment_status":"","ping_status":"closed","sticky":false,"template":"","format":"standard","meta":{"footnotes":""},"categories":[106],"tags":[],"class_list":["post-527569","post","type-post","status-publish","format-standard","has-post-thumbnail","hentry","category-actualites"],"_links":{"self":[{"href":"https:\/\/info-des-communes.fr\/index.php?rest_route=\/wp\/v2\/posts\/527569","targetHints":{"allow":["GET"]}}],"collection":[{"href":"https:\/\/info-des-communes.fr\/index.php?rest_route=\/wp\/v2\/posts"}],"about":[{"href":"https:\/\/info-des-communes.fr\/index.php?rest_route=\/wp\/v2\/types\/post"}],"author":[{"embeddable":true,"href":"https:\/\/info-des-communes.fr\/index.php?rest_route=\/wp\/v2\/users\/2"}],"replies":[{"embeddable":true,"href":"https:\/\/info-des-communes.fr\/index.php?rest_route=%2Fwp%2Fv2%2Fcomments&post=527569"}],"version-history":[{"count":0,"href":"https:\/\/info-des-communes.fr\/index.php?rest_route=\/wp\/v2\/posts\/527569\/revisions"}],"wp:featuredmedia":[{"embeddable":true,"href":"https:\/\/info-des-communes.fr\/index.php?rest_route=\/wp\/v2\/media\/527570"}],"wp:attachment":[{"href":"https:\/\/info-des-communes.fr\/index.php?rest_route=%2Fwp%2Fv2%2Fmedia&parent=527569"}],"wp:term":[{"taxonomy":"category","embeddable":true,"href":"https:\/\/info-des-communes.fr\/index.php?rest_route=%2Fwp%2Fv2%2Fcategories&post=527569"},{"taxonomy":"post_tag","embeddable":true,"href":"https:\/\/info-des-communes.fr\/index.php?rest_route=%2Fwp%2Fv2%2Ftags&post=527569"}],"curies":[{"name":"wp","href":"https:\/\/api.w.org\/{rel}","templated":true}]}}