{"id":527560,"date":"2026-08-31T20:53:18","date_gmt":"2026-08-31T18:53:18","guid":{"rendered":"https:\/\/info-des-communes.fr\/?p=527560"},"modified":"2026-08-31T20:53:18","modified_gmt":"2026-08-31T18:53:18","slug":"edouard-balladur-premier-ministre-de-1993-a-1995-est-mort-a-lage-de-97-ans","status":"publish","type":"post","link":"https:\/\/info-des-communes.fr\/?p=527560","title":{"rendered":"Edouard Balladur, Premier ministre de 1993 \u00e0 1995, est mort \u00e0 l&rsquo;\u00e2ge de 97\u00a0ans"},"content":{"rendered":"<p>L&rsquo;ancien chef du gouvernement sous Fran\u00e7ois Mitterrand s&rsquo;est \u00e9teint. Il avait \u00e9t\u00e9 l&rsquo;un des premiers \u00e0 envisager la possibilit\u00e9 d&rsquo;une cohabitation au sein de la Ve R\u00e9publique.<\/p>","protected":false},"excerpt":{"rendered":"<p>L&rsquo;ancien chef du gouvernement sous Fran\u00e7ois Mitterrand s&rsquo;est \u00e9teint. Il avait \u00e9t\u00e9 l&rsquo;un des premiers \u00e0 envisager la possibilit\u00e9 d&rsquo;une cohabitation au sein de la Ve R\u00e9publique.<\/p>\n","protected":false},"author":2,"featured_media":527561,"comment_status":"","ping_status":"closed","sticky":false,"template":"","format":"standard","meta":{"footnotes":""},"categories":[106],"tags":[],"class_list":["post-527560","post","type-post","status-publish","format-standard","has-post-thumbnail","hentry","category-actualites"],"_links":{"self":[{"href":"https:\/\/info-des-communes.fr\/index.php?rest_route=\/wp\/v2\/posts\/527560","targetHints":{"allow":["GET"]}}],"collection":[{"href":"https:\/\/info-des-communes.fr\/index.php?rest_route=\/wp\/v2\/posts"}],"about":[{"href":"https:\/\/info-des-communes.fr\/index.php?rest_route=\/wp\/v2\/types\/post"}],"author":[{"embeddable":true,"href":"https:\/\/info-des-communes.fr\/index.php?rest_route=\/wp\/v2\/users\/2"}],"replies":[{"embeddable":true,"href":"https:\/\/info-des-communes.fr\/index.php?rest_route=%2Fwp%2Fv2%2Fcomments&post=527560"}],"version-history":[{"count":0,"href":"https:\/\/info-des-communes.fr\/index.php?rest_route=\/wp\/v2\/posts\/527560\/revisions"}],"wp:featuredmedia":[{"embeddable":true,"href":"https:\/\/info-des-communes.fr\/index.php?rest_route=\/wp\/v2\/media\/527561"}],"wp:attachment":[{"href":"https:\/\/info-des-communes.fr\/index.php?rest_route=%2Fwp%2Fv2%2Fmedia&parent=527560"}],"wp:term":[{"taxonomy":"category","embeddable":true,"href":"https:\/\/info-des-communes.fr\/index.php?rest_route=%2Fwp%2Fv2%2Fcategories&post=527560"},{"taxonomy":"post_tag","embeddable":true,"href":"https:\/\/info-des-communes.fr\/index.php?rest_route=%2Fwp%2Fv2%2Ftags&post=527560"}],"curies":[{"name":"wp","href":"https:\/\/api.w.org\/{rel}","templated":true}]}}