{"id":527554,"date":"2026-08-31T17:27:50","date_gmt":"2026-08-31T15:27:50","guid":{"rendered":"https:\/\/info-des-communes.fr\/?p=527554"},"modified":"2026-08-31T17:27:50","modified_gmt":"2026-08-31T15:27:50","slug":"je-prends-ma-retraite-de-lequipe-nationale-lionel-messi-ne-portera-plus-le-maillot-de-la-selection-argentine","status":"publish","type":"post","link":"https:\/\/info-des-communes.fr\/?p=527554","title":{"rendered":"\u00ab\u00a0Je prends ma retraite de l&rsquo;\u00e9quipe nationale\u00a0\u00bb : Lionel Messi ne portera plus le maillot de la s\u00e9lection argentine"},"content":{"rendered":"<p>L&rsquo;octuple Ballon d&rsquo;or a d\u00e9cid\u00e9, lundi, d&rsquo;arr\u00eater le compte \u00e0 207 apparitions sous le maillot de l&rsquo;Albiceleste, 21 ans apr\u00e8s ses d\u00e9buts internationaux.<\/p>","protected":false},"excerpt":{"rendered":"<p>L&rsquo;octuple Ballon d&rsquo;or a d\u00e9cid\u00e9, lundi, d&rsquo;arr\u00eater le compte \u00e0 207 apparitions sous le maillot de l&rsquo;Albiceleste, 21 ans apr\u00e8s ses d\u00e9buts internationaux.<\/p>\n","protected":false},"author":2,"featured_media":527555,"comment_status":"","ping_status":"closed","sticky":false,"template":"","format":"standard","meta":{"footnotes":""},"categories":[106],"tags":[],"class_list":["post-527554","post","type-post","status-publish","format-standard","has-post-thumbnail","hentry","category-actualites"],"_links":{"self":[{"href":"https:\/\/info-des-communes.fr\/index.php?rest_route=\/wp\/v2\/posts\/527554","targetHints":{"allow":["GET"]}}],"collection":[{"href":"https:\/\/info-des-communes.fr\/index.php?rest_route=\/wp\/v2\/posts"}],"about":[{"href":"https:\/\/info-des-communes.fr\/index.php?rest_route=\/wp\/v2\/types\/post"}],"author":[{"embeddable":true,"href":"https:\/\/info-des-communes.fr\/index.php?rest_route=\/wp\/v2\/users\/2"}],"replies":[{"embeddable":true,"href":"https:\/\/info-des-communes.fr\/index.php?rest_route=%2Fwp%2Fv2%2Fcomments&post=527554"}],"version-history":[{"count":0,"href":"https:\/\/info-des-communes.fr\/index.php?rest_route=\/wp\/v2\/posts\/527554\/revisions"}],"wp:featuredmedia":[{"embeddable":true,"href":"https:\/\/info-des-communes.fr\/index.php?rest_route=\/wp\/v2\/media\/527555"}],"wp:attachment":[{"href":"https:\/\/info-des-communes.fr\/index.php?rest_route=%2Fwp%2Fv2%2Fmedia&parent=527554"}],"wp:term":[{"taxonomy":"category","embeddable":true,"href":"https:\/\/info-des-communes.fr\/index.php?rest_route=%2Fwp%2Fv2%2Fcategories&post=527554"},{"taxonomy":"post_tag","embeddable":true,"href":"https:\/\/info-des-communes.fr\/index.php?rest_route=%2Fwp%2Fv2%2Ftags&post=527554"}],"curies":[{"name":"wp","href":"https:\/\/api.w.org\/{rel}","templated":true}]}}