{"id":527552,"date":"2026-08-31T16:58:59","date_gmt":"2026-08-31T14:58:59","guid":{"rendered":"https:\/\/info-des-communes.fr\/?p=527552"},"modified":"2026-08-31T16:58:59","modified_gmt":"2026-08-31T14:58:59","slug":"la-suede-signe-un-contrat-de-43-milliards-deuros-pour-lacquisition-de-quatre-fregates-militaires-francaises","status":"publish","type":"post","link":"https:\/\/info-des-communes.fr\/?p=527552","title":{"rendered":"La Su\u00e8de signe un contrat de 4,3 milliards d&rsquo;euros pour l&rsquo;acquisition de quatre fr\u00e9gates militaires fran\u00e7aises"},"content":{"rendered":"<p>Cette signature s&rsquo;est faite \u00e0 l&rsquo;occasion du d\u00e9placement du pr\u00e9sident fran\u00e7ais \u00e0 Stockholm (Su\u00e8de), o\u00f9 il a \u00e9t\u00e9 re\u00e7u par le Premier ministre su\u00e9dois Ulf Kristersson.<\/p>","protected":false},"excerpt":{"rendered":"<p>Cette signature s&rsquo;est faite \u00e0 l&rsquo;occasion du d\u00e9placement du pr\u00e9sident fran\u00e7ais \u00e0 Stockholm (Su\u00e8de), o\u00f9 il a \u00e9t\u00e9 re\u00e7u par le Premier ministre su\u00e9dois Ulf Kristersson.<\/p>\n","protected":false},"author":2,"featured_media":527553,"comment_status":"","ping_status":"closed","sticky":false,"template":"","format":"standard","meta":{"footnotes":""},"categories":[106],"tags":[],"class_list":["post-527552","post","type-post","status-publish","format-standard","has-post-thumbnail","hentry","category-actualites"],"_links":{"self":[{"href":"https:\/\/info-des-communes.fr\/index.php?rest_route=\/wp\/v2\/posts\/527552","targetHints":{"allow":["GET"]}}],"collection":[{"href":"https:\/\/info-des-communes.fr\/index.php?rest_route=\/wp\/v2\/posts"}],"about":[{"href":"https:\/\/info-des-communes.fr\/index.php?rest_route=\/wp\/v2\/types\/post"}],"author":[{"embeddable":true,"href":"https:\/\/info-des-communes.fr\/index.php?rest_route=\/wp\/v2\/users\/2"}],"replies":[{"embeddable":true,"href":"https:\/\/info-des-communes.fr\/index.php?rest_route=%2Fwp%2Fv2%2Fcomments&post=527552"}],"version-history":[{"count":0,"href":"https:\/\/info-des-communes.fr\/index.php?rest_route=\/wp\/v2\/posts\/527552\/revisions"}],"wp:featuredmedia":[{"embeddable":true,"href":"https:\/\/info-des-communes.fr\/index.php?rest_route=\/wp\/v2\/media\/527553"}],"wp:attachment":[{"href":"https:\/\/info-des-communes.fr\/index.php?rest_route=%2Fwp%2Fv2%2Fmedia&parent=527552"}],"wp:term":[{"taxonomy":"category","embeddable":true,"href":"https:\/\/info-des-communes.fr\/index.php?rest_route=%2Fwp%2Fv2%2Fcategories&post=527552"},{"taxonomy":"post_tag","embeddable":true,"href":"https:\/\/info-des-communes.fr\/index.php?rest_route=%2Fwp%2Fv2%2Ftags&post=527552"}],"curies":[{"name":"wp","href":"https:\/\/api.w.org\/{rel}","templated":true}]}}