{"id":527544,"date":"2026-08-31T14:56:55","date_gmt":"2026-08-31T12:56:55","guid":{"rendered":"https:\/\/info-des-communes.fr\/?p=527544"},"modified":"2026-08-31T14:56:55","modified_gmt":"2026-08-31T12:56:55","slug":"piratage-de-leducation-nationale-la-rentree-se-fera-en-mode-degrade-dans-les-academies-de-nantes-et-toulouse","status":"publish","type":"post","link":"https:\/\/info-des-communes.fr\/?p=527544","title":{"rendered":"Piratage de l&rsquo;Education nationale : la rentr\u00e9e se fera en mode d\u00e9grad\u00e9 dans les acad\u00e9mies de Nantes et Toulouse"},"content":{"rendered":"<p>Touch\u00e9e cet \u00e9t\u00e9 par une cyberattaque, l&rsquo;\u00c9ducation nationale est parvenue \u00e0 un retour \u00e0 la normale dans quasiment toutes les acad\u00e9mies. Mais deux acad\u00e9mies subissent toujours les cons\u00e9quences de ce piratage et sont oblig\u00e9es de s&rsquo;adapter pour la rentr\u00e9e.<\/p>","protected":false},"excerpt":{"rendered":"<p>Touch\u00e9e cet \u00e9t\u00e9 par une cyberattaque, l&rsquo;\u00c9ducation nationale est parvenue \u00e0 un retour \u00e0 la normale dans quasiment toutes les acad\u00e9mies. Mais deux acad\u00e9mies subissent toujours les cons\u00e9quences de ce [&hellip;]<\/p>\n","protected":false},"author":2,"featured_media":527545,"comment_status":"","ping_status":"closed","sticky":false,"template":"","format":"standard","meta":{"footnotes":""},"categories":[106],"tags":[],"class_list":["post-527544","post","type-post","status-publish","format-standard","has-post-thumbnail","hentry","category-actualites"],"_links":{"self":[{"href":"https:\/\/info-des-communes.fr\/index.php?rest_route=\/wp\/v2\/posts\/527544","targetHints":{"allow":["GET"]}}],"collection":[{"href":"https:\/\/info-des-communes.fr\/index.php?rest_route=\/wp\/v2\/posts"}],"about":[{"href":"https:\/\/info-des-communes.fr\/index.php?rest_route=\/wp\/v2\/types\/post"}],"author":[{"embeddable":true,"href":"https:\/\/info-des-communes.fr\/index.php?rest_route=\/wp\/v2\/users\/2"}],"replies":[{"embeddable":true,"href":"https:\/\/info-des-communes.fr\/index.php?rest_route=%2Fwp%2Fv2%2Fcomments&post=527544"}],"version-history":[{"count":0,"href":"https:\/\/info-des-communes.fr\/index.php?rest_route=\/wp\/v2\/posts\/527544\/revisions"}],"wp:featuredmedia":[{"embeddable":true,"href":"https:\/\/info-des-communes.fr\/index.php?rest_route=\/wp\/v2\/media\/527545"}],"wp:attachment":[{"href":"https:\/\/info-des-communes.fr\/index.php?rest_route=%2Fwp%2Fv2%2Fmedia&parent=527544"}],"wp:term":[{"taxonomy":"category","embeddable":true,"href":"https:\/\/info-des-communes.fr\/index.php?rest_route=%2Fwp%2Fv2%2Fcategories&post=527544"},{"taxonomy":"post_tag","embeddable":true,"href":"https:\/\/info-des-communes.fr\/index.php?rest_route=%2Fwp%2Fv2%2Ftags&post=527544"}],"curies":[{"name":"wp","href":"https:\/\/api.w.org\/{rel}","templated":true}]}}