{"id":527538,"date":"2026-08-31T13:11:49","date_gmt":"2026-08-31T11:11:49","guid":{"rendered":"https:\/\/info-des-communes.fr\/?p=527538"},"modified":"2026-08-31T13:11:49","modified_gmt":"2026-08-31T11:11:49","slug":"mon-corps-commence-a-me-lacher-apres-son-elimination-brutale-a-lus-open-novak-djokovic-se-rapproche-t-il-de-la-retraite","status":"publish","type":"post","link":"https:\/\/info-des-communes.fr\/?p=527538","title":{"rendered":"\u00ab\u00a0Mon corps commence \u00e0 me l\u00e2cher\u00a0\u00bb : apr\u00e8s son \u00e9limination brutale \u00e0 l&rsquo;US Open, Novak Djokovic se rapproche-t-il de la retraite ?"},"content":{"rendered":"<p>Apr\u00e8s sa d\u00e9faillance physique criante, dimanche, la question de l&rsquo;imminence de la retraite du Serbe de 39 ans se pose.<\/p>","protected":false},"excerpt":{"rendered":"<p>Apr\u00e8s sa d\u00e9faillance physique criante, dimanche, la question de l&rsquo;imminence de la retraite du Serbe de 39 ans se pose.<\/p>\n","protected":false},"author":2,"featured_media":527539,"comment_status":"","ping_status":"closed","sticky":false,"template":"","format":"standard","meta":{"footnotes":""},"categories":[106],"tags":[],"class_list":["post-527538","post","type-post","status-publish","format-standard","has-post-thumbnail","hentry","category-actualites"],"_links":{"self":[{"href":"https:\/\/info-des-communes.fr\/index.php?rest_route=\/wp\/v2\/posts\/527538","targetHints":{"allow":["GET"]}}],"collection":[{"href":"https:\/\/info-des-communes.fr\/index.php?rest_route=\/wp\/v2\/posts"}],"about":[{"href":"https:\/\/info-des-communes.fr\/index.php?rest_route=\/wp\/v2\/types\/post"}],"author":[{"embeddable":true,"href":"https:\/\/info-des-communes.fr\/index.php?rest_route=\/wp\/v2\/users\/2"}],"replies":[{"embeddable":true,"href":"https:\/\/info-des-communes.fr\/index.php?rest_route=%2Fwp%2Fv2%2Fcomments&post=527538"}],"version-history":[{"count":0,"href":"https:\/\/info-des-communes.fr\/index.php?rest_route=\/wp\/v2\/posts\/527538\/revisions"}],"wp:featuredmedia":[{"embeddable":true,"href":"https:\/\/info-des-communes.fr\/index.php?rest_route=\/wp\/v2\/media\/527539"}],"wp:attachment":[{"href":"https:\/\/info-des-communes.fr\/index.php?rest_route=%2Fwp%2Fv2%2Fmedia&parent=527538"}],"wp:term":[{"taxonomy":"category","embeddable":true,"href":"https:\/\/info-des-communes.fr\/index.php?rest_route=%2Fwp%2Fv2%2Fcategories&post=527538"},{"taxonomy":"post_tag","embeddable":true,"href":"https:\/\/info-des-communes.fr\/index.php?rest_route=%2Fwp%2Fv2%2Ftags&post=527538"}],"curies":[{"name":"wp","href":"https:\/\/api.w.org\/{rel}","templated":true}]}}