{"id":527534,"date":"2026-08-31T12:14:31","date_gmt":"2026-08-31T10:14:31","guid":{"rendered":"https:\/\/info-des-communes.fr\/?p=527534"},"modified":"2026-08-31T12:14:31","modified_gmt":"2026-08-31T10:14:31","slug":"premieres-frappes-depuis-un-mois-ile-de-larak-bombardee-riposte-de-teheran-ce-que-lon-sait-de-la-reprise-des-hostilites-entre-les-etats-unis-et-liran","status":"publish","type":"post","link":"https:\/\/info-des-communes.fr\/?p=527534","title":{"rendered":"Premi\u00e8res frappes depuis un mois, \u00eele de Larak bombard\u00e9e, riposte de T\u00e9h\u00e9ran\u2026 Ce que l&rsquo;on sait de la reprise des hostilit\u00e9s entre les Etats-Unis et l&rsquo;Iran"},"content":{"rendered":"<p>Alors que le conflit s&rsquo;\u00e9tait calm\u00e9 ces derni\u00e8res semaines, les Etats-Unis ont bombard\u00e9, dimanche, deux lanceurs iraniens sur l\u2019\u00eele de Larak, dans le d\u00e9troit d&rsquo;Ormuz. En repr\u00e9sailles, l&rsquo;Iran a vis\u00e9 des cibles en Jordanie et aux Emirats arabes unis.<\/p>","protected":false},"excerpt":{"rendered":"<p>Alors que le conflit s&rsquo;\u00e9tait calm\u00e9 ces derni\u00e8res semaines, les Etats-Unis ont bombard\u00e9, dimanche, deux lanceurs iraniens sur l\u2019\u00eele de Larak, dans le d\u00e9troit d&rsquo;Ormuz. En repr\u00e9sailles, l&rsquo;Iran a vis\u00e9 [&hellip;]<\/p>\n","protected":false},"author":2,"featured_media":527535,"comment_status":"","ping_status":"closed","sticky":false,"template":"","format":"standard","meta":{"footnotes":""},"categories":[106],"tags":[],"class_list":["post-527534","post","type-post","status-publish","format-standard","has-post-thumbnail","hentry","category-actualites"],"_links":{"self":[{"href":"https:\/\/info-des-communes.fr\/index.php?rest_route=\/wp\/v2\/posts\/527534","targetHints":{"allow":["GET"]}}],"collection":[{"href":"https:\/\/info-des-communes.fr\/index.php?rest_route=\/wp\/v2\/posts"}],"about":[{"href":"https:\/\/info-des-communes.fr\/index.php?rest_route=\/wp\/v2\/types\/post"}],"author":[{"embeddable":true,"href":"https:\/\/info-des-communes.fr\/index.php?rest_route=\/wp\/v2\/users\/2"}],"replies":[{"embeddable":true,"href":"https:\/\/info-des-communes.fr\/index.php?rest_route=%2Fwp%2Fv2%2Fcomments&post=527534"}],"version-history":[{"count":0,"href":"https:\/\/info-des-communes.fr\/index.php?rest_route=\/wp\/v2\/posts\/527534\/revisions"}],"wp:featuredmedia":[{"embeddable":true,"href":"https:\/\/info-des-communes.fr\/index.php?rest_route=\/wp\/v2\/media\/527535"}],"wp:attachment":[{"href":"https:\/\/info-des-communes.fr\/index.php?rest_route=%2Fwp%2Fv2%2Fmedia&parent=527534"}],"wp:term":[{"taxonomy":"category","embeddable":true,"href":"https:\/\/info-des-communes.fr\/index.php?rest_route=%2Fwp%2Fv2%2Fcategories&post=527534"},{"taxonomy":"post_tag","embeddable":true,"href":"https:\/\/info-des-communes.fr\/index.php?rest_route=%2Fwp%2Fv2%2Ftags&post=527534"}],"curies":[{"name":"wp","href":"https:\/\/api.w.org\/{rel}","templated":true}]}}