{"id":527532,"date":"2026-08-31T10:41:02","date_gmt":"2026-08-31T08:41:02","guid":{"rendered":"https:\/\/info-des-communes.fr\/?p=527532"},"modified":"2026-08-31T10:41:02","modified_gmt":"2026-08-31T08:41:02","slug":"nous-ne-lachons-personne-le-gouvernement-promet-que-les-aides-au-carburant-seront-reconduites-face-a-la-hausse-des-prix","status":"publish","type":"post","link":"https:\/\/info-des-communes.fr\/?p=527532","title":{"rendered":"\u00ab\u00a0Nous ne l\u00e2chons personne\u00a0\u00bb : le gouvernement promet que les aides au carburant seront reconduites face \u00e0 la hausse des prix"},"content":{"rendered":"<p>\u00ab\u00a0Nous aurons l&rsquo;occasion de d\u00e9tailler dans les jours \u00e0 venir l&rsquo;ampleur, la dur\u00e9e de cette prolongation\u00a0\u00bb, a d\u00e9clar\u00e9 Maude Bregon, sans davantage de pr\u00e9cision.<\/p>","protected":false},"excerpt":{"rendered":"<p>\u00ab\u00a0Nous aurons l&rsquo;occasion de d\u00e9tailler dans les jours \u00e0 venir l&rsquo;ampleur, la dur\u00e9e de cette prolongation\u00a0\u00bb, a d\u00e9clar\u00e9 Maude Bregon, sans davantage de pr\u00e9cision.<\/p>\n","protected":false},"author":2,"featured_media":527533,"comment_status":"","ping_status":"closed","sticky":false,"template":"","format":"standard","meta":{"footnotes":""},"categories":[106],"tags":[],"class_list":["post-527532","post","type-post","status-publish","format-standard","has-post-thumbnail","hentry","category-actualites"],"_links":{"self":[{"href":"https:\/\/info-des-communes.fr\/index.php?rest_route=\/wp\/v2\/posts\/527532","targetHints":{"allow":["GET"]}}],"collection":[{"href":"https:\/\/info-des-communes.fr\/index.php?rest_route=\/wp\/v2\/posts"}],"about":[{"href":"https:\/\/info-des-communes.fr\/index.php?rest_route=\/wp\/v2\/types\/post"}],"author":[{"embeddable":true,"href":"https:\/\/info-des-communes.fr\/index.php?rest_route=\/wp\/v2\/users\/2"}],"replies":[{"embeddable":true,"href":"https:\/\/info-des-communes.fr\/index.php?rest_route=%2Fwp%2Fv2%2Fcomments&post=527532"}],"version-history":[{"count":0,"href":"https:\/\/info-des-communes.fr\/index.php?rest_route=\/wp\/v2\/posts\/527532\/revisions"}],"wp:featuredmedia":[{"embeddable":true,"href":"https:\/\/info-des-communes.fr\/index.php?rest_route=\/wp\/v2\/media\/527533"}],"wp:attachment":[{"href":"https:\/\/info-des-communes.fr\/index.php?rest_route=%2Fwp%2Fv2%2Fmedia&parent=527532"}],"wp:term":[{"taxonomy":"category","embeddable":true,"href":"https:\/\/info-des-communes.fr\/index.php?rest_route=%2Fwp%2Fv2%2Fcategories&post=527532"},{"taxonomy":"post_tag","embeddable":true,"href":"https:\/\/info-des-communes.fr\/index.php?rest_route=%2Fwp%2Fv2%2Ftags&post=527532"}],"curies":[{"name":"wp","href":"https:\/\/api.w.org\/{rel}","templated":true}]}}