{"id":527530,"date":"2026-08-31T09:08:48","date_gmt":"2026-08-31T07:08:48","guid":{"rendered":"https:\/\/info-des-communes.fr\/?p=527530"},"modified":"2026-08-31T09:08:48","modified_gmt":"2026-08-31T07:08:48","slug":"le-rassemblement-national-veut-sanctionner-le-port-du-voile-par-une-amende-sil-arrive-au-pouvoir-affirme-le-depute-jean-philippe-tanguy","status":"publish","type":"post","link":"https:\/\/info-des-communes.fr\/?p=527530","title":{"rendered":"Le Rassemblement national veut \u00ab\u00a0sanctionner le port du voile\u00a0\u00bb par \u00ab\u00a0une amende\u00a0\u00bb s&rsquo;il arrive au pouvoir, affirme le d\u00e9put\u00e9 Jean-Philippe Tanguy"},"content":{"rendered":"<p>L&rsquo;interdiction du port du voile dans l&rsquo;espace public figurait d\u00e9j\u00e0 au programme de Marine Le Pen lors de ses trois premi\u00e8res candidatures \u00e0 l&rsquo;Elys\u00e9e.<\/p>","protected":false},"excerpt":{"rendered":"<p>L&rsquo;interdiction du port du voile dans l&rsquo;espace public figurait d\u00e9j\u00e0 au programme de Marine Le Pen lors de ses trois premi\u00e8res candidatures \u00e0 l&rsquo;Elys\u00e9e.<\/p>\n","protected":false},"author":2,"featured_media":527531,"comment_status":"","ping_status":"closed","sticky":false,"template":"","format":"standard","meta":{"footnotes":""},"categories":[106],"tags":[],"class_list":["post-527530","post","type-post","status-publish","format-standard","has-post-thumbnail","hentry","category-actualites"],"_links":{"self":[{"href":"https:\/\/info-des-communes.fr\/index.php?rest_route=\/wp\/v2\/posts\/527530","targetHints":{"allow":["GET"]}}],"collection":[{"href":"https:\/\/info-des-communes.fr\/index.php?rest_route=\/wp\/v2\/posts"}],"about":[{"href":"https:\/\/info-des-communes.fr\/index.php?rest_route=\/wp\/v2\/types\/post"}],"author":[{"embeddable":true,"href":"https:\/\/info-des-communes.fr\/index.php?rest_route=\/wp\/v2\/users\/2"}],"replies":[{"embeddable":true,"href":"https:\/\/info-des-communes.fr\/index.php?rest_route=%2Fwp%2Fv2%2Fcomments&post=527530"}],"version-history":[{"count":0,"href":"https:\/\/info-des-communes.fr\/index.php?rest_route=\/wp\/v2\/posts\/527530\/revisions"}],"wp:featuredmedia":[{"embeddable":true,"href":"https:\/\/info-des-communes.fr\/index.php?rest_route=\/wp\/v2\/media\/527531"}],"wp:attachment":[{"href":"https:\/\/info-des-communes.fr\/index.php?rest_route=%2Fwp%2Fv2%2Fmedia&parent=527530"}],"wp:term":[{"taxonomy":"category","embeddable":true,"href":"https:\/\/info-des-communes.fr\/index.php?rest_route=%2Fwp%2Fv2%2Fcategories&post=527530"},{"taxonomy":"post_tag","embeddable":true,"href":"https:\/\/info-des-communes.fr\/index.php?rest_route=%2Fwp%2Fv2%2Ftags&post=527530"}],"curies":[{"name":"wp","href":"https:\/\/api.w.org\/{rel}","templated":true}]}}