{"id":527524,"date":"2026-08-31T09:08:04","date_gmt":"2026-08-31T07:08:04","guid":{"rendered":"https:\/\/info-des-communes.fr\/?p=527524"},"modified":"2026-08-31T09:08:04","modified_gmt":"2026-08-31T07:08:04","slug":"rentree-2026-les-absences-de-professeurs-seront-marginales-assure-le-ministre-de-leducation-nationale","status":"publish","type":"post","link":"https:\/\/info-des-communes.fr\/?p=527524","title":{"rendered":"Rentr\u00e9e 2026\u00a0: les absences de professeurs seront \u00ab\u00a0marginales\u00a0\u00bb, assure le ministre de l&rsquo;\u00c9ducation nationale"},"content":{"rendered":"<p>Le taux de postes pourvus atteint 98,5% dans le premier degr\u00e9, contre 92,1% l&rsquo;an dernier et les absences de longue dur\u00e9e non-remplac\u00e9es sont moins nombreuses, affirme Edouard Geffray, lundi sur France Inter.<\/p>","protected":false},"excerpt":{"rendered":"<p>Le taux de postes pourvus atteint 98,5% dans le premier degr\u00e9, contre 92,1% l&rsquo;an dernier et les absences de longue dur\u00e9e non-remplac\u00e9es sont moins nombreuses, affirme Edouard Geffray, lundi sur [&hellip;]<\/p>\n","protected":false},"author":2,"featured_media":527525,"comment_status":"","ping_status":"closed","sticky":false,"template":"","format":"standard","meta":{"footnotes":""},"categories":[106],"tags":[],"class_list":["post-527524","post","type-post","status-publish","format-standard","has-post-thumbnail","hentry","category-actualites"],"_links":{"self":[{"href":"https:\/\/info-des-communes.fr\/index.php?rest_route=\/wp\/v2\/posts\/527524","targetHints":{"allow":["GET"]}}],"collection":[{"href":"https:\/\/info-des-communes.fr\/index.php?rest_route=\/wp\/v2\/posts"}],"about":[{"href":"https:\/\/info-des-communes.fr\/index.php?rest_route=\/wp\/v2\/types\/post"}],"author":[{"embeddable":true,"href":"https:\/\/info-des-communes.fr\/index.php?rest_route=\/wp\/v2\/users\/2"}],"replies":[{"embeddable":true,"href":"https:\/\/info-des-communes.fr\/index.php?rest_route=%2Fwp%2Fv2%2Fcomments&post=527524"}],"version-history":[{"count":0,"href":"https:\/\/info-des-communes.fr\/index.php?rest_route=\/wp\/v2\/posts\/527524\/revisions"}],"wp:featuredmedia":[{"embeddable":true,"href":"https:\/\/info-des-communes.fr\/index.php?rest_route=\/wp\/v2\/media\/527525"}],"wp:attachment":[{"href":"https:\/\/info-des-communes.fr\/index.php?rest_route=%2Fwp%2Fv2%2Fmedia&parent=527524"}],"wp:term":[{"taxonomy":"category","embeddable":true,"href":"https:\/\/info-des-communes.fr\/index.php?rest_route=%2Fwp%2Fv2%2Fcategories&post=527524"},{"taxonomy":"post_tag","embeddable":true,"href":"https:\/\/info-des-communes.fr\/index.php?rest_route=%2Fwp%2Fv2%2Ftags&post=527524"}],"curies":[{"name":"wp","href":"https:\/\/api.w.org\/{rel}","templated":true}]}}