{"id":527508,"date":"2026-08-30T22:28:42","date_gmt":"2026-08-30T20:28:42","guid":{"rendered":"https:\/\/info-des-communes.fr\/?p=527508"},"modified":"2026-08-30T22:28:42","modified_gmt":"2026-08-30T20:28:42","slug":"un-adolescent-de-14-ans-meurt-percute-par-un-ter-sur-un-passage-a-niveau-dans-le-pas-de-calais","status":"publish","type":"post","link":"https:\/\/info-des-communes.fr\/?p=527508","title":{"rendered":"Un adolescent de 14 ans meurt percut\u00e9 par un TER sur un passage \u00e0 niveau dans le Pas-de-Calais"},"content":{"rendered":"<p>L&rsquo;accident s&rsquo;est produit au moment o\u00f9 un groupe de quatre jeunes traversait le passage \u00e0 niveau vers 20h lorsque l&rsquo;un d&rsquo;entre eux a \u00e9t\u00e9 percut\u00e9 par le train qui allait de Lille \u00e0 Amiens.<\/p>","protected":false},"excerpt":{"rendered":"<p>L&rsquo;accident s&rsquo;est produit au moment o\u00f9 un groupe de quatre jeunes traversait le passage \u00e0 niveau vers 20h lorsque l&rsquo;un d&rsquo;entre eux a \u00e9t\u00e9 percut\u00e9 par le train qui allait [&hellip;]<\/p>\n","protected":false},"author":2,"featured_media":527509,"comment_status":"","ping_status":"closed","sticky":false,"template":"","format":"standard","meta":{"footnotes":""},"categories":[106],"tags":[],"class_list":["post-527508","post","type-post","status-publish","format-standard","has-post-thumbnail","hentry","category-actualites"],"_links":{"self":[{"href":"https:\/\/info-des-communes.fr\/index.php?rest_route=\/wp\/v2\/posts\/527508","targetHints":{"allow":["GET"]}}],"collection":[{"href":"https:\/\/info-des-communes.fr\/index.php?rest_route=\/wp\/v2\/posts"}],"about":[{"href":"https:\/\/info-des-communes.fr\/index.php?rest_route=\/wp\/v2\/types\/post"}],"author":[{"embeddable":true,"href":"https:\/\/info-des-communes.fr\/index.php?rest_route=\/wp\/v2\/users\/2"}],"replies":[{"embeddable":true,"href":"https:\/\/info-des-communes.fr\/index.php?rest_route=%2Fwp%2Fv2%2Fcomments&post=527508"}],"version-history":[{"count":0,"href":"https:\/\/info-des-communes.fr\/index.php?rest_route=\/wp\/v2\/posts\/527508\/revisions"}],"wp:featuredmedia":[{"embeddable":true,"href":"https:\/\/info-des-communes.fr\/index.php?rest_route=\/wp\/v2\/media\/527509"}],"wp:attachment":[{"href":"https:\/\/info-des-communes.fr\/index.php?rest_route=%2Fwp%2Fv2%2Fmedia&parent=527508"}],"wp:term":[{"taxonomy":"category","embeddable":true,"href":"https:\/\/info-des-communes.fr\/index.php?rest_route=%2Fwp%2Fv2%2Fcategories&post=527508"},{"taxonomy":"post_tag","embeddable":true,"href":"https:\/\/info-des-communes.fr\/index.php?rest_route=%2Fwp%2Fv2%2Ftags&post=527508"}],"curies":[{"name":"wp","href":"https:\/\/api.w.org\/{rel}","templated":true}]}}