{"id":527504,"date":"2026-08-30T23:20:41","date_gmt":"2026-08-30T21:20:41","guid":{"rendered":"https:\/\/info-des-communes.fr\/?p=527504"},"modified":"2026-08-30T23:20:41","modified_gmt":"2026-08-30T21:20:41","slug":"le-chef-du-parti-socialiste-olivier-faure-confirme-sa-candidature-a-la-primaire-de-son-camp-en-vue-de-lelection-presidentielle","status":"publish","type":"post","link":"https:\/\/info-des-communes.fr\/?p=527504","title":{"rendered":"Le chef du Parti socialiste, Olivier Faure, confirme sa candidature \u00e0 la primaire de son camp en vue de l&rsquo;\u00e9lection pr\u00e9sidentielle"},"content":{"rendered":"<p>Le premier secr\u00e9taire du PS a officialis\u00e9 cette annonce dimanche soir, au \u00ab\u00a020 Heures\u00a0\u00bb de TF1.<\/p>","protected":false},"excerpt":{"rendered":"<p>Le premier secr\u00e9taire du PS a officialis\u00e9 cette annonce dimanche soir, au \u00ab\u00a020 Heures\u00a0\u00bb de TF1.<\/p>\n","protected":false},"author":2,"featured_media":527505,"comment_status":"","ping_status":"closed","sticky":false,"template":"","format":"standard","meta":{"footnotes":""},"categories":[106],"tags":[],"class_list":["post-527504","post","type-post","status-publish","format-standard","has-post-thumbnail","hentry","category-actualites"],"_links":{"self":[{"href":"https:\/\/info-des-communes.fr\/index.php?rest_route=\/wp\/v2\/posts\/527504","targetHints":{"allow":["GET"]}}],"collection":[{"href":"https:\/\/info-des-communes.fr\/index.php?rest_route=\/wp\/v2\/posts"}],"about":[{"href":"https:\/\/info-des-communes.fr\/index.php?rest_route=\/wp\/v2\/types\/post"}],"author":[{"embeddable":true,"href":"https:\/\/info-des-communes.fr\/index.php?rest_route=\/wp\/v2\/users\/2"}],"replies":[{"embeddable":true,"href":"https:\/\/info-des-communes.fr\/index.php?rest_route=%2Fwp%2Fv2%2Fcomments&post=527504"}],"version-history":[{"count":0,"href":"https:\/\/info-des-communes.fr\/index.php?rest_route=\/wp\/v2\/posts\/527504\/revisions"}],"wp:featuredmedia":[{"embeddable":true,"href":"https:\/\/info-des-communes.fr\/index.php?rest_route=\/wp\/v2\/media\/527505"}],"wp:attachment":[{"href":"https:\/\/info-des-communes.fr\/index.php?rest_route=%2Fwp%2Fv2%2Fmedia&parent=527504"}],"wp:term":[{"taxonomy":"category","embeddable":true,"href":"https:\/\/info-des-communes.fr\/index.php?rest_route=%2Fwp%2Fv2%2Fcategories&post=527504"},{"taxonomy":"post_tag","embeddable":true,"href":"https:\/\/info-des-communes.fr\/index.php?rest_route=%2Fwp%2Fv2%2Ftags&post=527504"}],"curies":[{"name":"wp","href":"https:\/\/api.w.org\/{rel}","templated":true}]}}