{"id":527491,"date":"2026-08-30T15:37:45","date_gmt":"2026-08-30T13:37:45","guid":{"rendered":"https:\/\/info-des-communes.fr\/?p=527491"},"modified":"2026-08-30T15:37:45","modified_gmt":"2026-08-30T13:37:45","slug":"un-ferry-chavire-au-large-des-cotes-de-chypre-du-nord-au-moins-six-morts-recenses-parmi-les-267-personnes-a-bord","status":"publish","type":"post","link":"https:\/\/info-des-communes.fr\/?p=527491","title":{"rendered":"Un ferry chavire au large des c\u00f4tes de Chypre du Nord, au moins six morts recens\u00e9s parmi les 267\u00a0personnes \u00e0 bord"},"content":{"rendered":"<p>Selon le gouvernement local, le navire qui faisait route vers la Turquie \u00ab\u00a0prend l&rsquo;eau\u00a0\u00bb. Plus de 170 des 267\u00a0personnes \u00e0 bord ont \u00e9t\u00e9 \u00ab\u00a0sauv\u00e9es\u00a0\u00bb \u00e0 ce stade.<\/p>","protected":false},"excerpt":{"rendered":"<p>Selon le gouvernement local, le navire qui faisait route vers la Turquie \u00ab\u00a0prend l&rsquo;eau\u00a0\u00bb. Plus de 170 des 267\u00a0personnes \u00e0 bord ont \u00e9t\u00e9 \u00ab\u00a0sauv\u00e9es\u00a0\u00bb \u00e0 ce stade.<\/p>\n","protected":false},"author":2,"featured_media":527492,"comment_status":"","ping_status":"closed","sticky":false,"template":"","format":"standard","meta":{"footnotes":""},"categories":[106],"tags":[],"class_list":["post-527491","post","type-post","status-publish","format-standard","has-post-thumbnail","hentry","category-actualites"],"_links":{"self":[{"href":"https:\/\/info-des-communes.fr\/index.php?rest_route=\/wp\/v2\/posts\/527491","targetHints":{"allow":["GET"]}}],"collection":[{"href":"https:\/\/info-des-communes.fr\/index.php?rest_route=\/wp\/v2\/posts"}],"about":[{"href":"https:\/\/info-des-communes.fr\/index.php?rest_route=\/wp\/v2\/types\/post"}],"author":[{"embeddable":true,"href":"https:\/\/info-des-communes.fr\/index.php?rest_route=\/wp\/v2\/users\/2"}],"replies":[{"embeddable":true,"href":"https:\/\/info-des-communes.fr\/index.php?rest_route=%2Fwp%2Fv2%2Fcomments&post=527491"}],"version-history":[{"count":0,"href":"https:\/\/info-des-communes.fr\/index.php?rest_route=\/wp\/v2\/posts\/527491\/revisions"}],"wp:featuredmedia":[{"embeddable":true,"href":"https:\/\/info-des-communes.fr\/index.php?rest_route=\/wp\/v2\/media\/527492"}],"wp:attachment":[{"href":"https:\/\/info-des-communes.fr\/index.php?rest_route=%2Fwp%2Fv2%2Fmedia&parent=527491"}],"wp:term":[{"taxonomy":"category","embeddable":true,"href":"https:\/\/info-des-communes.fr\/index.php?rest_route=%2Fwp%2Fv2%2Fcategories&post=527491"},{"taxonomy":"post_tag","embeddable":true,"href":"https:\/\/info-des-communes.fr\/index.php?rest_route=%2Fwp%2Fv2%2Ftags&post=527491"}],"curies":[{"name":"wp","href":"https:\/\/api.w.org\/{rel}","templated":true}]}}