{"id":527487,"date":"2026-08-30T11:47:46","date_gmt":"2026-08-30T09:47:46","guid":{"rendered":"https:\/\/info-des-communes.fr\/?p=527487"},"modified":"2026-08-30T11:47:46","modified_gmt":"2026-08-30T09:47:46","slug":"lislande-dit-non-a-une-reprise-des-negociations-dadhesion-a-lunion-europeenne","status":"publish","type":"post","link":"https:\/\/info-des-communes.fr\/?p=527487","title":{"rendered":"L&rsquo;Islande dit \u00ab\u00a0non\u00a0\u00bb \u00e0 une reprise des n\u00e9gociations d&rsquo;adh\u00e9sion \u00e0 l&rsquo;Union europ\u00e9enne"},"content":{"rendered":"<p>C&rsquo;est un coup dur pour l&rsquo;UE, qui aurait vu d&rsquo;un bon \u0153il une candidature de cette riche \u00eele de l&rsquo;Atlantique Nord et semblait pr\u00eate \u00e0 des compromis pour faciliter son int\u00e9gration.<\/p>","protected":false},"excerpt":{"rendered":"<p>C&rsquo;est un coup dur pour l&rsquo;UE, qui aurait vu d&rsquo;un bon \u0153il une candidature de cette riche \u00eele de l&rsquo;Atlantique Nord et semblait pr\u00eate \u00e0 des compromis pour faciliter son [&hellip;]<\/p>\n","protected":false},"author":2,"featured_media":527488,"comment_status":"","ping_status":"closed","sticky":false,"template":"","format":"standard","meta":{"footnotes":""},"categories":[106],"tags":[],"class_list":["post-527487","post","type-post","status-publish","format-standard","has-post-thumbnail","hentry","category-actualites"],"_links":{"self":[{"href":"https:\/\/info-des-communes.fr\/index.php?rest_route=\/wp\/v2\/posts\/527487","targetHints":{"allow":["GET"]}}],"collection":[{"href":"https:\/\/info-des-communes.fr\/index.php?rest_route=\/wp\/v2\/posts"}],"about":[{"href":"https:\/\/info-des-communes.fr\/index.php?rest_route=\/wp\/v2\/types\/post"}],"author":[{"embeddable":true,"href":"https:\/\/info-des-communes.fr\/index.php?rest_route=\/wp\/v2\/users\/2"}],"replies":[{"embeddable":true,"href":"https:\/\/info-des-communes.fr\/index.php?rest_route=%2Fwp%2Fv2%2Fcomments&post=527487"}],"version-history":[{"count":0,"href":"https:\/\/info-des-communes.fr\/index.php?rest_route=\/wp\/v2\/posts\/527487\/revisions"}],"wp:featuredmedia":[{"embeddable":true,"href":"https:\/\/info-des-communes.fr\/index.php?rest_route=\/wp\/v2\/media\/527488"}],"wp:attachment":[{"href":"https:\/\/info-des-communes.fr\/index.php?rest_route=%2Fwp%2Fv2%2Fmedia&parent=527487"}],"wp:term":[{"taxonomy":"category","embeddable":true,"href":"https:\/\/info-des-communes.fr\/index.php?rest_route=%2Fwp%2Fv2%2Fcategories&post=527487"},{"taxonomy":"post_tag","embeddable":true,"href":"https:\/\/info-des-communes.fr\/index.php?rest_route=%2Fwp%2Fv2%2Ftags&post=527487"}],"curies":[{"name":"wp","href":"https:\/\/api.w.org\/{rel}","templated":true}]}}