{"id":527479,"date":"2026-08-30T08:43:47","date_gmt":"2026-08-30T06:43:47","guid":{"rendered":"https:\/\/info-des-communes.fr\/?p=527479"},"modified":"2026-08-30T08:43:47","modified_gmt":"2026-08-30T06:43:47","slug":"presidentielle-2027-olivier-faure-sur-le-point-dannoncer-sa-candidature-a-blois-edouard-philippe-attendu-chez-gerald-darmanin-a-tourcoing","status":"publish","type":"post","link":"https:\/\/info-des-communes.fr\/?p=527479","title":{"rendered":"Pr\u00e9sidentielle 2027\u00a0: Olivier Faure sur le point d&rsquo;annoncer sa candidature \u00e0 Blois, Edouard Philippe attendu chez G\u00e9rald Darmanin \u00e0 Tourcoing"},"content":{"rendered":"<p>Selon les informations de France T\u00e9l\u00e9visions, le Premier secr\u00e9taire du Parti socialiste doit officialiser sa candidature \u00ab\u00a0dans les prochaines heures\u00a0\u00bb.<\/p>","protected":false},"excerpt":{"rendered":"<p>Selon les informations de France T\u00e9l\u00e9visions, le Premier secr\u00e9taire du Parti socialiste doit officialiser sa candidature \u00ab\u00a0dans les prochaines heures\u00a0\u00bb.<\/p>\n","protected":false},"author":2,"featured_media":527480,"comment_status":"","ping_status":"closed","sticky":false,"template":"","format":"standard","meta":{"footnotes":""},"categories":[106],"tags":[],"class_list":["post-527479","post","type-post","status-publish","format-standard","has-post-thumbnail","hentry","category-actualites"],"_links":{"self":[{"href":"https:\/\/info-des-communes.fr\/index.php?rest_route=\/wp\/v2\/posts\/527479","targetHints":{"allow":["GET"]}}],"collection":[{"href":"https:\/\/info-des-communes.fr\/index.php?rest_route=\/wp\/v2\/posts"}],"about":[{"href":"https:\/\/info-des-communes.fr\/index.php?rest_route=\/wp\/v2\/types\/post"}],"author":[{"embeddable":true,"href":"https:\/\/info-des-communes.fr\/index.php?rest_route=\/wp\/v2\/users\/2"}],"replies":[{"embeddable":true,"href":"https:\/\/info-des-communes.fr\/index.php?rest_route=%2Fwp%2Fv2%2Fcomments&post=527479"}],"version-history":[{"count":0,"href":"https:\/\/info-des-communes.fr\/index.php?rest_route=\/wp\/v2\/posts\/527479\/revisions"}],"wp:featuredmedia":[{"embeddable":true,"href":"https:\/\/info-des-communes.fr\/index.php?rest_route=\/wp\/v2\/media\/527480"}],"wp:attachment":[{"href":"https:\/\/info-des-communes.fr\/index.php?rest_route=%2Fwp%2Fv2%2Fmedia&parent=527479"}],"wp:term":[{"taxonomy":"category","embeddable":true,"href":"https:\/\/info-des-communes.fr\/index.php?rest_route=%2Fwp%2Fv2%2Fcategories&post=527479"},{"taxonomy":"post_tag","embeddable":true,"href":"https:\/\/info-des-communes.fr\/index.php?rest_route=%2Fwp%2Fv2%2Ftags&post=527479"}],"curies":[{"name":"wp","href":"https:\/\/api.w.org\/{rel}","templated":true}]}}