{"id":527475,"date":"2026-08-30T06:55:41","date_gmt":"2026-08-30T04:55:41","guid":{"rendered":"https:\/\/info-des-communes.fr\/?p=527475"},"modified":"2026-08-30T06:55:41","modified_gmt":"2026-08-30T04:55:41","slug":"pas-sur-que-ca-donne-envie-de-faire-des-enfants-le-conge-de-naissance-une-veritable-aubaine-pour-les-parents-mais-un-dispositif-inegalitaire","status":"publish","type":"post","link":"https:\/\/info-des-communes.fr\/?p=527475","title":{"rendered":"\u00ab\u00a0Pas s\u00fbr que \u00e7a donne envie de faire des enfants\u00a0\u00bb\u00a0: le cong\u00e9 de naissance, \u00ab\u00a0une v\u00e9ritable aubaine\u00a0\u00bb pour les parents, mais un dispositif \u00ab\u00a0in\u00e9galitaire\u00a0\u00bb"},"content":{"rendered":"<p>Depuis le 1er\u00a0juillet, chaque parent peut, apr\u00e8s la naissance d&rsquo;un enfant, b\u00e9n\u00e9ficier d&rsquo;un ou deux mois de cong\u00e9, indemnis\u00e9 \u00e0 70% puis \u00e0 60% de sa r\u00e9mun\u00e9ration. Les premiers b\u00e9n\u00e9ficiaires de cette mesure dressent leur bilan.<\/p>","protected":false},"excerpt":{"rendered":"<p>Depuis le 1er\u00a0juillet, chaque parent peut, apr\u00e8s la naissance d&rsquo;un enfant, b\u00e9n\u00e9ficier d&rsquo;un ou deux mois de cong\u00e9, indemnis\u00e9 \u00e0 70% puis \u00e0 60% de sa r\u00e9mun\u00e9ration. Les premiers b\u00e9n\u00e9ficiaires [&hellip;]<\/p>\n","protected":false},"author":2,"featured_media":527476,"comment_status":"","ping_status":"closed","sticky":false,"template":"","format":"standard","meta":{"footnotes":""},"categories":[106],"tags":[],"class_list":["post-527475","post","type-post","status-publish","format-standard","has-post-thumbnail","hentry","category-actualites"],"_links":{"self":[{"href":"https:\/\/info-des-communes.fr\/index.php?rest_route=\/wp\/v2\/posts\/527475","targetHints":{"allow":["GET"]}}],"collection":[{"href":"https:\/\/info-des-communes.fr\/index.php?rest_route=\/wp\/v2\/posts"}],"about":[{"href":"https:\/\/info-des-communes.fr\/index.php?rest_route=\/wp\/v2\/types\/post"}],"author":[{"embeddable":true,"href":"https:\/\/info-des-communes.fr\/index.php?rest_route=\/wp\/v2\/users\/2"}],"replies":[{"embeddable":true,"href":"https:\/\/info-des-communes.fr\/index.php?rest_route=%2Fwp%2Fv2%2Fcomments&post=527475"}],"version-history":[{"count":0,"href":"https:\/\/info-des-communes.fr\/index.php?rest_route=\/wp\/v2\/posts\/527475\/revisions"}],"wp:featuredmedia":[{"embeddable":true,"href":"https:\/\/info-des-communes.fr\/index.php?rest_route=\/wp\/v2\/media\/527476"}],"wp:attachment":[{"href":"https:\/\/info-des-communes.fr\/index.php?rest_route=%2Fwp%2Fv2%2Fmedia&parent=527475"}],"wp:term":[{"taxonomy":"category","embeddable":true,"href":"https:\/\/info-des-communes.fr\/index.php?rest_route=%2Fwp%2Fv2%2Fcategories&post=527475"},{"taxonomy":"post_tag","embeddable":true,"href":"https:\/\/info-des-communes.fr\/index.php?rest_route=%2Fwp%2Fv2%2Ftags&post=527475"}],"curies":[{"name":"wp","href":"https:\/\/api.w.org\/{rel}","templated":true}]}}