{"id":521723,"date":"2026-05-03T14:56:47","date_gmt":"2026-05-03T12:56:47","guid":{"rendered":"https:\/\/info-des-communes.fr\/?p=521723"},"modified":"2026-05-03T14:56:47","modified_gmt":"2026-05-03T12:56:47","slug":"comment-deux-calanques-pres-de-marseille-se-protegent-du-trafic-automobile-et-du-surtourisme","status":"publish","type":"post","link":"https:\/\/info-des-communes.fr\/?p=521723","title":{"rendered":"Comment deux calanques pr\u00e8s de Marseille se prot\u00e8gent du trafic automobile et du surtourisme"},"content":{"rendered":"<p>Comme chaque \u00e9t\u00e9 depuis plus de 20 ans, les touristes qui voudront visiter les calanques de la Vesse et de Niolon devront garer leur v\u00e9hicule en amont et descendre \u00e0 pied. Cette mesure prise par le maire du Rove est en vigueur de d\u00e9but mai \u00e0 fin septembre.<\/p>","protected":false},"excerpt":{"rendered":"<p>Comme chaque \u00e9t\u00e9 depuis plus de 20 ans, les touristes qui voudront visiter les calanques de la Vesse et de Niolon devront garer leur v\u00e9hicule en amont et descendre \u00e0 [&hellip;]<\/p>\n","protected":false},"author":2,"featured_media":521724,"comment_status":"","ping_status":"closed","sticky":false,"template":"","format":"standard","meta":{"footnotes":""},"categories":[106],"tags":[],"class_list":["post-521723","post","type-post","status-publish","format-standard","has-post-thumbnail","hentry","category-actualites"],"_links":{"self":[{"href":"https:\/\/info-des-communes.fr\/index.php?rest_route=\/wp\/v2\/posts\/521723","targetHints":{"allow":["GET"]}}],"collection":[{"href":"https:\/\/info-des-communes.fr\/index.php?rest_route=\/wp\/v2\/posts"}],"about":[{"href":"https:\/\/info-des-communes.fr\/index.php?rest_route=\/wp\/v2\/types\/post"}],"author":[{"embeddable":true,"href":"https:\/\/info-des-communes.fr\/index.php?rest_route=\/wp\/v2\/users\/2"}],"replies":[{"embeddable":true,"href":"https:\/\/info-des-communes.fr\/index.php?rest_route=%2Fwp%2Fv2%2Fcomments&post=521723"}],"version-history":[{"count":0,"href":"https:\/\/info-des-communes.fr\/index.php?rest_route=\/wp\/v2\/posts\/521723\/revisions"}],"wp:featuredmedia":[{"embeddable":true,"href":"https:\/\/info-des-communes.fr\/index.php?rest_route=\/wp\/v2\/media\/521724"}],"wp:attachment":[{"href":"https:\/\/info-des-communes.fr\/index.php?rest_route=%2Fwp%2Fv2%2Fmedia&parent=521723"}],"wp:term":[{"taxonomy":"category","embeddable":true,"href":"https:\/\/info-des-communes.fr\/index.php?rest_route=%2Fwp%2Fv2%2Fcategories&post=521723"},{"taxonomy":"post_tag","embeddable":true,"href":"https:\/\/info-des-communes.fr\/index.php?rest_route=%2Fwp%2Fv2%2Ftags&post=521723"}],"curies":[{"name":"wp","href":"https:\/\/api.w.org\/{rel}","templated":true}]}}