{"id":521719,"date":"2026-05-03T12:30:38","date_gmt":"2026-05-03T10:30:38","guid":{"rendered":"https:\/\/info-des-communes.fr\/?p=521719"},"modified":"2026-05-03T12:30:38","modified_gmt":"2026-05-03T10:30:38","slug":"aborder-le-vieillissement-de-facon-positive-la-ministre-deleguee-explique-pourquoi-les-ehpad-vont-etre-renommes-maisons-france-autonomie","status":"publish","type":"post","link":"https:\/\/info-des-communes.fr\/?p=521719","title":{"rendered":"\u00ab\u00a0Aborder le vieillissement de fa\u00e7on positive\u00a0\u00bb : la ministre d\u00e9l\u00e9gu\u00e9e explique pourquoi les Ehpad vont \u00eatre renomm\u00e9s \u00ab\u00a0Maisons France autonomie\u00a0\u00bb"},"content":{"rendered":"<p>\u00ab\u00a0Les Maisons France autonomie devront \u00eatre des lieux o\u00f9 les personnes \u00e2g\u00e9es souhaitent habiter et les professionnels y travailler\u00a0\u00bb, affirme Camille Galliard-Minier.<\/p>","protected":false},"excerpt":{"rendered":"<p>\u00ab\u00a0Les Maisons France autonomie devront \u00eatre des lieux o\u00f9 les personnes \u00e2g\u00e9es souhaitent habiter et les professionnels y travailler\u00a0\u00bb, affirme Camille Galliard-Minier.<\/p>\n","protected":false},"author":2,"featured_media":521720,"comment_status":"","ping_status":"closed","sticky":false,"template":"","format":"standard","meta":{"footnotes":""},"categories":[106],"tags":[],"class_list":["post-521719","post","type-post","status-publish","format-standard","has-post-thumbnail","hentry","category-actualites"],"_links":{"self":[{"href":"https:\/\/info-des-communes.fr\/index.php?rest_route=\/wp\/v2\/posts\/521719","targetHints":{"allow":["GET"]}}],"collection":[{"href":"https:\/\/info-des-communes.fr\/index.php?rest_route=\/wp\/v2\/posts"}],"about":[{"href":"https:\/\/info-des-communes.fr\/index.php?rest_route=\/wp\/v2\/types\/post"}],"author":[{"embeddable":true,"href":"https:\/\/info-des-communes.fr\/index.php?rest_route=\/wp\/v2\/users\/2"}],"replies":[{"embeddable":true,"href":"https:\/\/info-des-communes.fr\/index.php?rest_route=%2Fwp%2Fv2%2Fcomments&post=521719"}],"version-history":[{"count":0,"href":"https:\/\/info-des-communes.fr\/index.php?rest_route=\/wp\/v2\/posts\/521719\/revisions"}],"wp:featuredmedia":[{"embeddable":true,"href":"https:\/\/info-des-communes.fr\/index.php?rest_route=\/wp\/v2\/media\/521720"}],"wp:attachment":[{"href":"https:\/\/info-des-communes.fr\/index.php?rest_route=%2Fwp%2Fv2%2Fmedia&parent=521719"}],"wp:term":[{"taxonomy":"category","embeddable":true,"href":"https:\/\/info-des-communes.fr\/index.php?rest_route=%2Fwp%2Fv2%2Fcategories&post=521719"},{"taxonomy":"post_tag","embeddable":true,"href":"https:\/\/info-des-communes.fr\/index.php?rest_route=%2Fwp%2Fv2%2Ftags&post=521719"}],"curies":[{"name":"wp","href":"https:\/\/api.w.org\/{rel}","templated":true}]}}