{"id":521717,"date":"2026-05-03T11:30:23","date_gmt":"2026-05-03T09:30:23","guid":{"rendered":"https:\/\/info-des-communes.fr\/?p=521717"},"modified":"2026-05-03T11:30:23","modified_gmt":"2026-05-03T09:30:23","slug":"on-lappelait-trois-poumons-dans-les-clubs-de-ses-debuts-le-parcours-de-paul-seixas-impressionne-mais-ne-surprend-pas","status":"publish","type":"post","link":"https:\/\/info-des-communes.fr\/?p=521717","title":{"rendered":"\u00ab\u00a0On l&rsquo;appelait &lsquo;Trois poumons&rsquo;\u00a0!\u00a0\u00bb : dans les clubs de ses d\u00e9buts, le parcours de Paul Seixas impressionne mais ne surprend pas"},"content":{"rendered":"<p>Paul Seixas, 19 ans, r\u00e9cent vainqueur du Tour du Pays Basque et de la Fl\u00e8che Wallonne, doit bient\u00f4t annoncer sa d\u00e9cision de prendre ou non le d\u00e9part de la Grande boucle.<\/p>","protected":false},"excerpt":{"rendered":"<p>Paul Seixas, 19 ans, r\u00e9cent vainqueur du Tour du Pays Basque et de la Fl\u00e8che Wallonne, doit bient\u00f4t annoncer sa d\u00e9cision de prendre ou non le d\u00e9part de la Grande [&hellip;]<\/p>\n","protected":false},"author":2,"featured_media":521718,"comment_status":"","ping_status":"closed","sticky":false,"template":"","format":"standard","meta":{"footnotes":""},"categories":[106],"tags":[],"class_list":["post-521717","post","type-post","status-publish","format-standard","has-post-thumbnail","hentry","category-actualites"],"_links":{"self":[{"href":"https:\/\/info-des-communes.fr\/index.php?rest_route=\/wp\/v2\/posts\/521717","targetHints":{"allow":["GET"]}}],"collection":[{"href":"https:\/\/info-des-communes.fr\/index.php?rest_route=\/wp\/v2\/posts"}],"about":[{"href":"https:\/\/info-des-communes.fr\/index.php?rest_route=\/wp\/v2\/types\/post"}],"author":[{"embeddable":true,"href":"https:\/\/info-des-communes.fr\/index.php?rest_route=\/wp\/v2\/users\/2"}],"replies":[{"embeddable":true,"href":"https:\/\/info-des-communes.fr\/index.php?rest_route=%2Fwp%2Fv2%2Fcomments&post=521717"}],"version-history":[{"count":0,"href":"https:\/\/info-des-communes.fr\/index.php?rest_route=\/wp\/v2\/posts\/521717\/revisions"}],"wp:featuredmedia":[{"embeddable":true,"href":"https:\/\/info-des-communes.fr\/index.php?rest_route=\/wp\/v2\/media\/521718"}],"wp:attachment":[{"href":"https:\/\/info-des-communes.fr\/index.php?rest_route=%2Fwp%2Fv2%2Fmedia&parent=521717"}],"wp:term":[{"taxonomy":"category","embeddable":true,"href":"https:\/\/info-des-communes.fr\/index.php?rest_route=%2Fwp%2Fv2%2Fcategories&post=521717"},{"taxonomy":"post_tag","embeddable":true,"href":"https:\/\/info-des-communes.fr\/index.php?rest_route=%2Fwp%2Fv2%2Ftags&post=521717"}],"curies":[{"name":"wp","href":"https:\/\/api.w.org\/{rel}","templated":true}]}}