{"id":521715,"date":"2026-05-03T11:07:50","date_gmt":"2026-05-03T09:07:50","guid":{"rendered":"https:\/\/info-des-communes.fr\/?p=521715"},"modified":"2026-05-03T11:07:50","modified_gmt":"2026-05-03T09:07:50","slug":"sebastien-lecornu-invite-totalenergies-a-un-plafonnement-genereux-des-prix-des-carburants-a-la-pompe-a-la-veille-dune-reunion-avec-les-distributeurs","status":"publish","type":"post","link":"https:\/\/info-des-communes.fr\/?p=521715","title":{"rendered":"S\u00e9bastien Lecornu invite TotalEnergies \u00ab\u00a0\u00e0 un plafonnement g\u00e9n\u00e9reux\u00a0\u00bb des prix des carburants \u00e0 la pompe, \u00e0 la veille d&rsquo;une r\u00e9union avec les distributeurs"},"content":{"rendered":"<p>Le ministre de l&rsquo;Economie, Roland Lescure, va recevoir les distributeurs de carburant \u00e0 Bercy, lundi matin.<\/p>","protected":false},"excerpt":{"rendered":"<p>Le ministre de l&rsquo;Economie, Roland Lescure, va recevoir les distributeurs de carburant \u00e0 Bercy, lundi matin.<\/p>\n","protected":false},"author":2,"featured_media":521716,"comment_status":"","ping_status":"closed","sticky":false,"template":"","format":"standard","meta":{"footnotes":""},"categories":[106],"tags":[],"class_list":["post-521715","post","type-post","status-publish","format-standard","has-post-thumbnail","hentry","category-actualites"],"_links":{"self":[{"href":"https:\/\/info-des-communes.fr\/index.php?rest_route=\/wp\/v2\/posts\/521715","targetHints":{"allow":["GET"]}}],"collection":[{"href":"https:\/\/info-des-communes.fr\/index.php?rest_route=\/wp\/v2\/posts"}],"about":[{"href":"https:\/\/info-des-communes.fr\/index.php?rest_route=\/wp\/v2\/types\/post"}],"author":[{"embeddable":true,"href":"https:\/\/info-des-communes.fr\/index.php?rest_route=\/wp\/v2\/users\/2"}],"replies":[{"embeddable":true,"href":"https:\/\/info-des-communes.fr\/index.php?rest_route=%2Fwp%2Fv2%2Fcomments&post=521715"}],"version-history":[{"count":0,"href":"https:\/\/info-des-communes.fr\/index.php?rest_route=\/wp\/v2\/posts\/521715\/revisions"}],"wp:featuredmedia":[{"embeddable":true,"href":"https:\/\/info-des-communes.fr\/index.php?rest_route=\/wp\/v2\/media\/521716"}],"wp:attachment":[{"href":"https:\/\/info-des-communes.fr\/index.php?rest_route=%2Fwp%2Fv2%2Fmedia&parent=521715"}],"wp:term":[{"taxonomy":"category","embeddable":true,"href":"https:\/\/info-des-communes.fr\/index.php?rest_route=%2Fwp%2Fv2%2Fcategories&post=521715"},{"taxonomy":"post_tag","embeddable":true,"href":"https:\/\/info-des-communes.fr\/index.php?rest_route=%2Fwp%2Fv2%2Ftags&post=521715"}],"curies":[{"name":"wp","href":"https:\/\/api.w.org\/{rel}","templated":true}]}}