{"id":521709,"date":"2026-05-03T10:21:36","date_gmt":"2026-05-03T08:21:36","guid":{"rendered":"https:\/\/info-des-communes.fr\/?p=521709"},"modified":"2026-05-03T10:21:36","modified_gmt":"2026-05-03T08:21:36","slug":"israel-reconnait-avoir-endommage-un-batiment-religieux-dans-le-sud-du-liban-une-association-denonce-un-acte-volontaire-contre-un-couvent","status":"publish","type":"post","link":"https:\/\/info-des-communes.fr\/?p=521709","title":{"rendered":"Isra\u00ebl reconna\u00eet avoir endommag\u00e9 un \u00ab\u00a0b\u00e2timent religieux\u00a0\u00bb dans le sud du Liban, une association d\u00e9nonce \u00ab\u00a0un acte volontaire\u00a0\u00bb contre un couvent"},"content":{"rendered":"<p>L&rsquo;arm\u00e9e isra\u00e9lienne a reconnu des d\u00e9g\u00e2ts sur \u00ab\u00a0une maison situ\u00e9e sur un site religieux\u00a0\u00bb, lors de ce qu&rsquo;elle pr\u00e9sente comme une op\u00e9ration pour d\u00e9manteler une \u00ab\u00a0infrastructure terroriste\u00a0\u00bb.<\/p>","protected":false},"excerpt":{"rendered":"<p>L&rsquo;arm\u00e9e isra\u00e9lienne a reconnu des d\u00e9g\u00e2ts sur \u00ab\u00a0une maison situ\u00e9e sur un site religieux\u00a0\u00bb, lors de ce qu&rsquo;elle pr\u00e9sente comme une op\u00e9ration pour d\u00e9manteler une \u00ab\u00a0infrastructure terroriste\u00a0\u00bb.<\/p>\n","protected":false},"author":2,"featured_media":521710,"comment_status":"","ping_status":"closed","sticky":false,"template":"","format":"standard","meta":{"footnotes":""},"categories":[106],"tags":[],"class_list":["post-521709","post","type-post","status-publish","format-standard","has-post-thumbnail","hentry","category-actualites"],"_links":{"self":[{"href":"https:\/\/info-des-communes.fr\/index.php?rest_route=\/wp\/v2\/posts\/521709","targetHints":{"allow":["GET"]}}],"collection":[{"href":"https:\/\/info-des-communes.fr\/index.php?rest_route=\/wp\/v2\/posts"}],"about":[{"href":"https:\/\/info-des-communes.fr\/index.php?rest_route=\/wp\/v2\/types\/post"}],"author":[{"embeddable":true,"href":"https:\/\/info-des-communes.fr\/index.php?rest_route=\/wp\/v2\/users\/2"}],"replies":[{"embeddable":true,"href":"https:\/\/info-des-communes.fr\/index.php?rest_route=%2Fwp%2Fv2%2Fcomments&post=521709"}],"version-history":[{"count":0,"href":"https:\/\/info-des-communes.fr\/index.php?rest_route=\/wp\/v2\/posts\/521709\/revisions"}],"wp:featuredmedia":[{"embeddable":true,"href":"https:\/\/info-des-communes.fr\/index.php?rest_route=\/wp\/v2\/media\/521710"}],"wp:attachment":[{"href":"https:\/\/info-des-communes.fr\/index.php?rest_route=%2Fwp%2Fv2%2Fmedia&parent=521709"}],"wp:term":[{"taxonomy":"category","embeddable":true,"href":"https:\/\/info-des-communes.fr\/index.php?rest_route=%2Fwp%2Fv2%2Fcategories&post=521709"},{"taxonomy":"post_tag","embeddable":true,"href":"https:\/\/info-des-communes.fr\/index.php?rest_route=%2Fwp%2Fv2%2Ftags&post=521709"}],"curies":[{"name":"wp","href":"https:\/\/api.w.org\/{rel}","templated":true}]}}