{"id":521705,"date":"2026-05-03T08:30:29","date_gmt":"2026-05-03T06:30:29","guid":{"rendered":"https:\/\/info-des-communes.fr\/?p=521705"},"modified":"2026-05-03T08:30:29","modified_gmt":"2026-05-03T06:30:29","slug":"donald-trump-veut-retirer-bien-davantage-de-soldats-americains-stationnes-en-allemagne-que-les-5-000-annonces-par-le-pentagone","status":"publish","type":"post","link":"https:\/\/info-des-communes.fr\/?p=521705","title":{"rendered":"Donald Trump veut retirer \u00ab\u00a0bien davantage\u00a0\u00bb de soldats am\u00e9ricains stationn\u00e9s en Allemagne que les 5\u00a0000 annonc\u00e9s par le Pentagone"},"content":{"rendered":"<p>La diminution des effectifs annonc\u00e9e par le minist\u00e8re de la D\u00e9fense am\u00e9ricain est pr\u00e9vue dans les \u00ab\u00a0six \u00e0 douze prochains mois\u00a0\u00bb, et correspond \u00e0 environ 15% des 36\u00a0000 soldats stationn\u00e9s en Allemagne<\/p>","protected":false},"excerpt":{"rendered":"<p>La diminution des effectifs annonc\u00e9e par le minist\u00e8re de la D\u00e9fense am\u00e9ricain est pr\u00e9vue dans les \u00ab\u00a0six \u00e0 douze prochains mois\u00a0\u00bb, et correspond \u00e0 environ 15% des 36\u00a0000 soldats stationn\u00e9s [&hellip;]<\/p>\n","protected":false},"author":2,"featured_media":521706,"comment_status":"","ping_status":"closed","sticky":false,"template":"","format":"standard","meta":{"footnotes":""},"categories":[106],"tags":[],"class_list":["post-521705","post","type-post","status-publish","format-standard","has-post-thumbnail","hentry","category-actualites"],"_links":{"self":[{"href":"https:\/\/info-des-communes.fr\/index.php?rest_route=\/wp\/v2\/posts\/521705","targetHints":{"allow":["GET"]}}],"collection":[{"href":"https:\/\/info-des-communes.fr\/index.php?rest_route=\/wp\/v2\/posts"}],"about":[{"href":"https:\/\/info-des-communes.fr\/index.php?rest_route=\/wp\/v2\/types\/post"}],"author":[{"embeddable":true,"href":"https:\/\/info-des-communes.fr\/index.php?rest_route=\/wp\/v2\/users\/2"}],"replies":[{"embeddable":true,"href":"https:\/\/info-des-communes.fr\/index.php?rest_route=%2Fwp%2Fv2%2Fcomments&post=521705"}],"version-history":[{"count":0,"href":"https:\/\/info-des-communes.fr\/index.php?rest_route=\/wp\/v2\/posts\/521705\/revisions"}],"wp:featuredmedia":[{"embeddable":true,"href":"https:\/\/info-des-communes.fr\/index.php?rest_route=\/wp\/v2\/media\/521706"}],"wp:attachment":[{"href":"https:\/\/info-des-communes.fr\/index.php?rest_route=%2Fwp%2Fv2%2Fmedia&parent=521705"}],"wp:term":[{"taxonomy":"category","embeddable":true,"href":"https:\/\/info-des-communes.fr\/index.php?rest_route=%2Fwp%2Fv2%2Fcategories&post=521705"},{"taxonomy":"post_tag","embeddable":true,"href":"https:\/\/info-des-communes.fr\/index.php?rest_route=%2Fwp%2Fv2%2Ftags&post=521705"}],"curies":[{"name":"wp","href":"https:\/\/api.w.org\/{rel}","templated":true}]}}