{"id":521693,"date":"2026-05-03T07:21:54","date_gmt":"2026-05-03T05:21:54","guid":{"rendered":"https:\/\/info-des-communes.fr\/?p=521693"},"modified":"2026-05-03T07:21:54","modified_gmt":"2026-05-03T05:21:54","slug":"guerre-au-moyen-orient-donald-trump-annonce-quil-va-etudier-un-plan-iranien-mais-doute-quil-soit-acceptable","status":"publish","type":"post","link":"https:\/\/info-des-communes.fr\/?p=521693","title":{"rendered":"Guerre au Moyen-Orient : Donald Trump annonce qu&rsquo;il va \u00e9tudier un plan iranien mais doute qu&rsquo;il soit \u00ab\u00a0acceptable\u00a0\u00bb"},"content":{"rendered":"<p>Le pr\u00e9sident am\u00e9ricain avait rejet\u00e9 vendredi une offre pr\u00e9c\u00e9dente de l&rsquo;Iran, qu&rsquo;il a menac\u00e9 de \u00ab\u00a0pulv\u00e9riser\u00a0\u00bb.<\/p>","protected":false},"excerpt":{"rendered":"<p>Le pr\u00e9sident am\u00e9ricain avait rejet\u00e9 vendredi une offre pr\u00e9c\u00e9dente de l&rsquo;Iran, qu&rsquo;il a menac\u00e9 de \u00ab\u00a0pulv\u00e9riser\u00a0\u00bb.<\/p>\n","protected":false},"author":2,"featured_media":521694,"comment_status":"","ping_status":"closed","sticky":false,"template":"","format":"standard","meta":{"footnotes":""},"categories":[106],"tags":[],"class_list":["post-521693","post","type-post","status-publish","format-standard","has-post-thumbnail","hentry","category-actualites"],"_links":{"self":[{"href":"https:\/\/info-des-communes.fr\/index.php?rest_route=\/wp\/v2\/posts\/521693","targetHints":{"allow":["GET"]}}],"collection":[{"href":"https:\/\/info-des-communes.fr\/index.php?rest_route=\/wp\/v2\/posts"}],"about":[{"href":"https:\/\/info-des-communes.fr\/index.php?rest_route=\/wp\/v2\/types\/post"}],"author":[{"embeddable":true,"href":"https:\/\/info-des-communes.fr\/index.php?rest_route=\/wp\/v2\/users\/2"}],"replies":[{"embeddable":true,"href":"https:\/\/info-des-communes.fr\/index.php?rest_route=%2Fwp%2Fv2%2Fcomments&post=521693"}],"version-history":[{"count":0,"href":"https:\/\/info-des-communes.fr\/index.php?rest_route=\/wp\/v2\/posts\/521693\/revisions"}],"wp:featuredmedia":[{"embeddable":true,"href":"https:\/\/info-des-communes.fr\/index.php?rest_route=\/wp\/v2\/media\/521694"}],"wp:attachment":[{"href":"https:\/\/info-des-communes.fr\/index.php?rest_route=%2Fwp%2Fv2%2Fmedia&parent=521693"}],"wp:term":[{"taxonomy":"category","embeddable":true,"href":"https:\/\/info-des-communes.fr\/index.php?rest_route=%2Fwp%2Fv2%2Fcategories&post=521693"},{"taxonomy":"post_tag","embeddable":true,"href":"https:\/\/info-des-communes.fr\/index.php?rest_route=%2Fwp%2Fv2%2Ftags&post=521693"}],"curies":[{"name":"wp","href":"https:\/\/api.w.org\/{rel}","templated":true}]}}