{"id":521647,"date":"2026-05-02T07:14:57","date_gmt":"2026-05-02T05:14:57","guid":{"rendered":"https:\/\/info-des-communes.fr\/?p=521647"},"modified":"2026-05-02T07:14:57","modified_gmt":"2026-05-02T05:14:57","slug":"les-manifestations-du-1er-mai-ont-rassemble-158-000-manifestants-en-france-selon-la-police-plus-de-300-000-selon-la-cgt","status":"publish","type":"post","link":"https:\/\/info-des-communes.fr\/?p=521647","title":{"rendered":"Les manifestations du 1er-Mai ont rassembl\u00e9 158\u00a0000 manifestants en France selon la police, plus de 300\u00a0000 selon la CGT"},"content":{"rendered":"<p>A Paris, 24\u00a0000 personnes \u00e9taient r\u00e9unies, selon le minist\u00e8re de l&rsquo;Int\u00e9rieur, tandis qu&rsquo;elles \u00e9taient 100\u00a0000 selon le syndicat.<\/p>","protected":false},"excerpt":{"rendered":"<p>A Paris, 24\u00a0000 personnes \u00e9taient r\u00e9unies, selon le minist\u00e8re de l&rsquo;Int\u00e9rieur, tandis qu&rsquo;elles \u00e9taient 100\u00a0000 selon le syndicat.<\/p>\n","protected":false},"author":2,"featured_media":521648,"comment_status":"","ping_status":"closed","sticky":false,"template":"","format":"standard","meta":{"footnotes":""},"categories":[106],"tags":[],"class_list":["post-521647","post","type-post","status-publish","format-standard","has-post-thumbnail","hentry","category-actualites"],"_links":{"self":[{"href":"https:\/\/info-des-communes.fr\/index.php?rest_route=\/wp\/v2\/posts\/521647","targetHints":{"allow":["GET"]}}],"collection":[{"href":"https:\/\/info-des-communes.fr\/index.php?rest_route=\/wp\/v2\/posts"}],"about":[{"href":"https:\/\/info-des-communes.fr\/index.php?rest_route=\/wp\/v2\/types\/post"}],"author":[{"embeddable":true,"href":"https:\/\/info-des-communes.fr\/index.php?rest_route=\/wp\/v2\/users\/2"}],"replies":[{"embeddable":true,"href":"https:\/\/info-des-communes.fr\/index.php?rest_route=%2Fwp%2Fv2%2Fcomments&post=521647"}],"version-history":[{"count":0,"href":"https:\/\/info-des-communes.fr\/index.php?rest_route=\/wp\/v2\/posts\/521647\/revisions"}],"wp:featuredmedia":[{"embeddable":true,"href":"https:\/\/info-des-communes.fr\/index.php?rest_route=\/wp\/v2\/media\/521648"}],"wp:attachment":[{"href":"https:\/\/info-des-communes.fr\/index.php?rest_route=%2Fwp%2Fv2%2Fmedia&parent=521647"}],"wp:term":[{"taxonomy":"category","embeddable":true,"href":"https:\/\/info-des-communes.fr\/index.php?rest_route=%2Fwp%2Fv2%2Fcategories&post=521647"},{"taxonomy":"post_tag","embeddable":true,"href":"https:\/\/info-des-communes.fr\/index.php?rest_route=%2Fwp%2Fv2%2Ftags&post=521647"}],"curies":[{"name":"wp","href":"https:\/\/api.w.org\/{rel}","templated":true}]}}