{"id":521645,"date":"2026-05-01T23:17:53","date_gmt":"2026-05-01T21:17:53","guid":{"rendered":"https:\/\/info-des-communes.fr\/?p=521645"},"modified":"2026-05-01T23:17:53","modified_gmt":"2026-05-01T21:17:53","slug":"la-prix-nobel-de-la-paix-narges-mohammadi-a-ete-hospitalisee-apres-un-malaise-dans-sa-prison-iranienne-selon-son-avocat","status":"publish","type":"post","link":"https:\/\/info-des-communes.fr\/?p=521645","title":{"rendered":"La Prix Nobel de la Paix Narges Mohammadi a \u00e9t\u00e9 hospitalis\u00e9e apr\u00e8s un malaise dans sa prison iranienne, selon son avocat"},"content":{"rendered":"<p>Son \u00e9tat de sant\u00e9 est jug\u00e9 extr\u00eamement pr\u00e9occupant par sa fondation, depuis une crise cardiaque dont elle a \u00e9t\u00e9 victime en mars. La militante est emprisonn\u00e9e depuis le mois de d\u00e9cembre \u00e0 la prison de Zandjan.<\/p>","protected":false},"excerpt":{"rendered":"<p>Son \u00e9tat de sant\u00e9 est jug\u00e9 extr\u00eamement pr\u00e9occupant par sa fondation, depuis une crise cardiaque dont elle a \u00e9t\u00e9 victime en mars. La militante est emprisonn\u00e9e depuis le mois de [&hellip;]<\/p>\n","protected":false},"author":2,"featured_media":521646,"comment_status":"","ping_status":"closed","sticky":false,"template":"","format":"standard","meta":{"footnotes":""},"categories":[106],"tags":[],"class_list":["post-521645","post","type-post","status-publish","format-standard","has-post-thumbnail","hentry","category-actualites"],"_links":{"self":[{"href":"https:\/\/info-des-communes.fr\/index.php?rest_route=\/wp\/v2\/posts\/521645","targetHints":{"allow":["GET"]}}],"collection":[{"href":"https:\/\/info-des-communes.fr\/index.php?rest_route=\/wp\/v2\/posts"}],"about":[{"href":"https:\/\/info-des-communes.fr\/index.php?rest_route=\/wp\/v2\/types\/post"}],"author":[{"embeddable":true,"href":"https:\/\/info-des-communes.fr\/index.php?rest_route=\/wp\/v2\/users\/2"}],"replies":[{"embeddable":true,"href":"https:\/\/info-des-communes.fr\/index.php?rest_route=%2Fwp%2Fv2%2Fcomments&post=521645"}],"version-history":[{"count":0,"href":"https:\/\/info-des-communes.fr\/index.php?rest_route=\/wp\/v2\/posts\/521645\/revisions"}],"wp:featuredmedia":[{"embeddable":true,"href":"https:\/\/info-des-communes.fr\/index.php?rest_route=\/wp\/v2\/media\/521646"}],"wp:attachment":[{"href":"https:\/\/info-des-communes.fr\/index.php?rest_route=%2Fwp%2Fv2%2Fmedia&parent=521645"}],"wp:term":[{"taxonomy":"category","embeddable":true,"href":"https:\/\/info-des-communes.fr\/index.php?rest_route=%2Fwp%2Fv2%2Fcategories&post=521645"},{"taxonomy":"post_tag","embeddable":true,"href":"https:\/\/info-des-communes.fr\/index.php?rest_route=%2Fwp%2Fv2%2Ftags&post=521645"}],"curies":[{"name":"wp","href":"https:\/\/api.w.org\/{rel}","templated":true}]}}