{"id":521641,"date":"2026-05-01T22:48:57","date_gmt":"2026-05-01T20:48:57","guid":{"rendered":"https:\/\/info-des-communes.fr\/?p=521641"},"modified":"2026-05-01T22:48:57","modified_gmt":"2026-05-01T20:48:57","slug":"on-va-signaler-ces-profils-qui-nous-semblent-a-risque-la-police-aux-frontieres-face-a-lislam-radical","status":"publish","type":"post","link":"https:\/\/info-des-communes.fr\/?p=521641","title":{"rendered":"\u00ab\u00a0On va signaler ces profils qui nous semblent \u00e0 risque\u00a0\u00bb : la police aux fronti\u00e8res face \u00e0 l\u2019Islam radical"},"content":{"rendered":"<p>C\u2019est une lutte au long cours que m\u00e8nent depuis des ann\u00e9es les services antiterroristes europ\u00e9ens : celle contre la menace du terrorisme islamiste. La France est particuli\u00e8rement vis\u00e9e. Comment le pays s\u2019est-il adapt\u00e9 pour faire face et d\u00e9tecter les profils \u00e0 risque ?<\/p>","protected":false},"excerpt":{"rendered":"<p>C\u2019est une lutte au long cours que m\u00e8nent depuis des ann\u00e9es les services antiterroristes europ\u00e9ens : celle contre la menace du terrorisme islamiste. La France est particuli\u00e8rement vis\u00e9e. Comment le [&hellip;]<\/p>\n","protected":false},"author":2,"featured_media":521642,"comment_status":"","ping_status":"closed","sticky":false,"template":"","format":"standard","meta":{"footnotes":""},"categories":[106],"tags":[],"class_list":["post-521641","post","type-post","status-publish","format-standard","has-post-thumbnail","hentry","category-actualites"],"_links":{"self":[{"href":"https:\/\/info-des-communes.fr\/index.php?rest_route=\/wp\/v2\/posts\/521641","targetHints":{"allow":["GET"]}}],"collection":[{"href":"https:\/\/info-des-communes.fr\/index.php?rest_route=\/wp\/v2\/posts"}],"about":[{"href":"https:\/\/info-des-communes.fr\/index.php?rest_route=\/wp\/v2\/types\/post"}],"author":[{"embeddable":true,"href":"https:\/\/info-des-communes.fr\/index.php?rest_route=\/wp\/v2\/users\/2"}],"replies":[{"embeddable":true,"href":"https:\/\/info-des-communes.fr\/index.php?rest_route=%2Fwp%2Fv2%2Fcomments&post=521641"}],"version-history":[{"count":0,"href":"https:\/\/info-des-communes.fr\/index.php?rest_route=\/wp\/v2\/posts\/521641\/revisions"}],"wp:featuredmedia":[{"embeddable":true,"href":"https:\/\/info-des-communes.fr\/index.php?rest_route=\/wp\/v2\/media\/521642"}],"wp:attachment":[{"href":"https:\/\/info-des-communes.fr\/index.php?rest_route=%2Fwp%2Fv2%2Fmedia&parent=521641"}],"wp:term":[{"taxonomy":"category","embeddable":true,"href":"https:\/\/info-des-communes.fr\/index.php?rest_route=%2Fwp%2Fv2%2Fcategories&post=521641"},{"taxonomy":"post_tag","embeddable":true,"href":"https:\/\/info-des-communes.fr\/index.php?rest_route=%2Fwp%2Fv2%2Ftags&post=521641"}],"curies":[{"name":"wp","href":"https:\/\/api.w.org\/{rel}","templated":true}]}}