{"id":521630,"date":"2026-05-01T19:21:30","date_gmt":"2026-05-01T17:21:30","guid":{"rendered":"https:\/\/info-des-communes.fr\/?p=521630"},"modified":"2026-05-01T19:21:30","modified_gmt":"2026-05-01T17:21:30","slug":"jai-travaille-les-jours-feries-toute-ma-vie-jen-ai-perdu-ma-famille-dans-le-cortege-parisien-la-defense-dun-1er-mai-chome","status":"publish","type":"post","link":"https:\/\/info-des-communes.fr\/?p=521630","title":{"rendered":"\u00ab\u00a0J&rsquo;ai travaill\u00e9 les jours f\u00e9ri\u00e9s toute ma vie, j&rsquo;en ai perdu ma famille\u00a0\u00bb\u00a0: dans le cort\u00e8ge parisien, la d\u00e9fense d&rsquo;un 1er-Mai ch\u00f4m\u00e9"},"content":{"rendered":"<p>Alors que l&rsquo;ex\u00e9cutif s&rsquo;est saisi, ces derni\u00e8res semaines, de la question du travail le 1er-Mai, les manifestants interrog\u00e9s par franceinfo \u00e0 Paris s&rsquo;opposent \u00e0 tout changement l\u00e9gislatif.<\/p>","protected":false},"excerpt":{"rendered":"<p>Alors que l&rsquo;ex\u00e9cutif s&rsquo;est saisi, ces derni\u00e8res semaines, de la question du travail le 1er-Mai, les manifestants interrog\u00e9s par franceinfo \u00e0 Paris s&rsquo;opposent \u00e0 tout changement l\u00e9gislatif.<\/p>\n","protected":false},"author":2,"featured_media":521631,"comment_status":"","ping_status":"closed","sticky":false,"template":"","format":"standard","meta":{"footnotes":""},"categories":[106],"tags":[],"class_list":["post-521630","post","type-post","status-publish","format-standard","has-post-thumbnail","hentry","category-actualites"],"_links":{"self":[{"href":"https:\/\/info-des-communes.fr\/index.php?rest_route=\/wp\/v2\/posts\/521630","targetHints":{"allow":["GET"]}}],"collection":[{"href":"https:\/\/info-des-communes.fr\/index.php?rest_route=\/wp\/v2\/posts"}],"about":[{"href":"https:\/\/info-des-communes.fr\/index.php?rest_route=\/wp\/v2\/types\/post"}],"author":[{"embeddable":true,"href":"https:\/\/info-des-communes.fr\/index.php?rest_route=\/wp\/v2\/users\/2"}],"replies":[{"embeddable":true,"href":"https:\/\/info-des-communes.fr\/index.php?rest_route=%2Fwp%2Fv2%2Fcomments&post=521630"}],"version-history":[{"count":0,"href":"https:\/\/info-des-communes.fr\/index.php?rest_route=\/wp\/v2\/posts\/521630\/revisions"}],"wp:featuredmedia":[{"embeddable":true,"href":"https:\/\/info-des-communes.fr\/index.php?rest_route=\/wp\/v2\/media\/521631"}],"wp:attachment":[{"href":"https:\/\/info-des-communes.fr\/index.php?rest_route=%2Fwp%2Fv2%2Fmedia&parent=521630"}],"wp:term":[{"taxonomy":"category","embeddable":true,"href":"https:\/\/info-des-communes.fr\/index.php?rest_route=%2Fwp%2Fv2%2Fcategories&post=521630"},{"taxonomy":"post_tag","embeddable":true,"href":"https:\/\/info-des-communes.fr\/index.php?rest_route=%2Fwp%2Fv2%2Ftags&post=521630"}],"curies":[{"name":"wp","href":"https:\/\/api.w.org\/{rel}","templated":true}]}}