{"id":521628,"date":"2026-05-01T18:15:32","date_gmt":"2026-05-01T16:15:32","guid":{"rendered":"https:\/\/info-des-communes.fr\/?p=521628"},"modified":"2026-05-01T18:15:32","modified_gmt":"2026-05-01T16:15:32","slug":"donald-trump-annonce-un-relevement-des-droits-de-douane-a-25-sur-les-vehicules-importes-depuis-lunion-europeenne","status":"publish","type":"post","link":"https:\/\/info-des-communes.fr\/?p=521628","title":{"rendered":"Donald Trump annonce un rel\u00e8vement des droits de douane \u00e0 25% sur les v\u00e9hicules import\u00e9s depuis l&rsquo;Union europ\u00e9enne"},"content":{"rendered":"<p>Cette mesure entrera en vigueur la semaine prochaine, annonce le pr\u00e9sident am\u00e9ricain dans un message post\u00e9 sur les r\u00e9seaux sociaux. Il accuse l&rsquo;UE de ne pas respecter l&rsquo;accord commercial qui avait \u00e9t\u00e9 conclu avec Washington.<\/p>","protected":false},"excerpt":{"rendered":"<p>Cette mesure entrera en vigueur la semaine prochaine, annonce le pr\u00e9sident am\u00e9ricain dans un message post\u00e9 sur les r\u00e9seaux sociaux. Il accuse l&rsquo;UE de ne pas respecter l&rsquo;accord commercial qui [&hellip;]<\/p>\n","protected":false},"author":2,"featured_media":521629,"comment_status":"","ping_status":"closed","sticky":false,"template":"","format":"standard","meta":{"footnotes":""},"categories":[106],"tags":[],"class_list":["post-521628","post","type-post","status-publish","format-standard","has-post-thumbnail","hentry","category-actualites"],"_links":{"self":[{"href":"https:\/\/info-des-communes.fr\/index.php?rest_route=\/wp\/v2\/posts\/521628","targetHints":{"allow":["GET"]}}],"collection":[{"href":"https:\/\/info-des-communes.fr\/index.php?rest_route=\/wp\/v2\/posts"}],"about":[{"href":"https:\/\/info-des-communes.fr\/index.php?rest_route=\/wp\/v2\/types\/post"}],"author":[{"embeddable":true,"href":"https:\/\/info-des-communes.fr\/index.php?rest_route=\/wp\/v2\/users\/2"}],"replies":[{"embeddable":true,"href":"https:\/\/info-des-communes.fr\/index.php?rest_route=%2Fwp%2Fv2%2Fcomments&post=521628"}],"version-history":[{"count":0,"href":"https:\/\/info-des-communes.fr\/index.php?rest_route=\/wp\/v2\/posts\/521628\/revisions"}],"wp:featuredmedia":[{"embeddable":true,"href":"https:\/\/info-des-communes.fr\/index.php?rest_route=\/wp\/v2\/media\/521629"}],"wp:attachment":[{"href":"https:\/\/info-des-communes.fr\/index.php?rest_route=%2Fwp%2Fv2%2Fmedia&parent=521628"}],"wp:term":[{"taxonomy":"category","embeddable":true,"href":"https:\/\/info-des-communes.fr\/index.php?rest_route=%2Fwp%2Fv2%2Fcategories&post=521628"},{"taxonomy":"post_tag","embeddable":true,"href":"https:\/\/info-des-communes.fr\/index.php?rest_route=%2Fwp%2Fv2%2Ftags&post=521628"}],"curies":[{"name":"wp","href":"https:\/\/api.w.org\/{rel}","templated":true}]}}