{"id":521626,"date":"2026-05-01T17:20:54","date_gmt":"2026-05-01T15:20:54","guid":{"rendered":"https:\/\/info-des-communes.fr\/?p=521626"},"modified":"2026-05-01T17:20:54","modified_gmt":"2026-05-01T15:20:54","slug":"nous-sommes-prets-dans-la-manifestation-du-1er-mai-jean-luc-melenchon-met-le-cap-sur-la-presidentielle-2027","status":"publish","type":"post","link":"https:\/\/info-des-communes.fr\/?p=521626","title":{"rendered":"\u00ab\u00a0Nous sommes pr\u00eats\u00a0!\u00a0\u00bb\u00a0: dans la manifestation du 1er-Mai, Jean-Luc M\u00e9lenchon met le cap sur la pr\u00e9sidentielle 2027"},"content":{"rendered":"<p>Alors que La France insoumise pourrait officialiser sa candidature d\u00e8s dimanche, Jean-Luc M\u00e9lenchon a pris la parole vendredi, place de la R\u00e9publique \u00e0 Paris, pour haranguer des militants insoumis, impatients de se lancer dans la campagne pr\u00e9sidentielle.<\/p>","protected":false},"excerpt":{"rendered":"<p>Alors que La France insoumise pourrait officialiser sa candidature d\u00e8s dimanche, Jean-Luc M\u00e9lenchon a pris la parole vendredi, place de la R\u00e9publique \u00e0 Paris, pour haranguer des militants insoumis, impatients [&hellip;]<\/p>\n","protected":false},"author":2,"featured_media":521627,"comment_status":"","ping_status":"closed","sticky":false,"template":"","format":"standard","meta":{"footnotes":""},"categories":[106],"tags":[],"class_list":["post-521626","post","type-post","status-publish","format-standard","has-post-thumbnail","hentry","category-actualites"],"_links":{"self":[{"href":"https:\/\/info-des-communes.fr\/index.php?rest_route=\/wp\/v2\/posts\/521626","targetHints":{"allow":["GET"]}}],"collection":[{"href":"https:\/\/info-des-communes.fr\/index.php?rest_route=\/wp\/v2\/posts"}],"about":[{"href":"https:\/\/info-des-communes.fr\/index.php?rest_route=\/wp\/v2\/types\/post"}],"author":[{"embeddable":true,"href":"https:\/\/info-des-communes.fr\/index.php?rest_route=\/wp\/v2\/users\/2"}],"replies":[{"embeddable":true,"href":"https:\/\/info-des-communes.fr\/index.php?rest_route=%2Fwp%2Fv2%2Fcomments&post=521626"}],"version-history":[{"count":0,"href":"https:\/\/info-des-communes.fr\/index.php?rest_route=\/wp\/v2\/posts\/521626\/revisions"}],"wp:featuredmedia":[{"embeddable":true,"href":"https:\/\/info-des-communes.fr\/index.php?rest_route=\/wp\/v2\/media\/521627"}],"wp:attachment":[{"href":"https:\/\/info-des-communes.fr\/index.php?rest_route=%2Fwp%2Fv2%2Fmedia&parent=521626"}],"wp:term":[{"taxonomy":"category","embeddable":true,"href":"https:\/\/info-des-communes.fr\/index.php?rest_route=%2Fwp%2Fv2%2Fcategories&post=521626"},{"taxonomy":"post_tag","embeddable":true,"href":"https:\/\/info-des-communes.fr\/index.php?rest_route=%2Fwp%2Fv2%2Ftags&post=521626"}],"curies":[{"name":"wp","href":"https:\/\/api.w.org\/{rel}","templated":true}]}}