{"id":521622,"date":"2026-05-01T15:09:34","date_gmt":"2026-05-01T13:09:34","guid":{"rendered":"https:\/\/info-des-communes.fr\/?p=521622"},"modified":"2026-05-01T15:09:34","modified_gmt":"2026-05-01T13:09:34","slug":"suspect-inculpe-securite-renforcee-implication-de-liran-ou-en-est-lenquete-apres-lattaque-antisemite-contre-deux-hommes-a-londres","status":"publish","type":"post","link":"https:\/\/info-des-communes.fr\/?p=521622","title":{"rendered":"Suspect inculp\u00e9, s\u00e9curit\u00e9 renforc\u00e9e, implication de l&rsquo;Iran&#8230; O\u00f9 en est l&rsquo;enqu\u00eate apr\u00e8s l&rsquo;attaque antis\u00e9mite contre deux hommes \u00e0 Londres\u00a0?"},"content":{"rendered":"<p>\u00ab\u00a0Nous sommes confront\u00e9s \u00e0 une sorte de pand\u00e9mie d&rsquo;antis\u00e9mitisme dans la soci\u00e9t\u00e9\u00a0\u00bb, s&rsquo;est inqui\u00e9t\u00e9 vendredi le chef de la Metropolitan Police, Mark Rowley, sur Times Radio. De son c\u00f4t\u00e9, l&rsquo;ambassade iranienne au Royaume-Uni a \u00ab\u00a0rejet\u00e9 cat\u00e9goriquement toute all\u00e9gation\u00a0\u00bb sur l&rsquo;implication de la R\u00e9publique islamique.<\/p>","protected":false},"excerpt":{"rendered":"<p>\u00ab\u00a0Nous sommes confront\u00e9s \u00e0 une sorte de pand\u00e9mie d&rsquo;antis\u00e9mitisme dans la soci\u00e9t\u00e9\u00a0\u00bb, s&rsquo;est inqui\u00e9t\u00e9 vendredi le chef de la Metropolitan Police, Mark Rowley, sur Times Radio. De son c\u00f4t\u00e9, l&rsquo;ambassade [&hellip;]<\/p>\n","protected":false},"author":2,"featured_media":521623,"comment_status":"","ping_status":"closed","sticky":false,"template":"","format":"standard","meta":{"footnotes":""},"categories":[106],"tags":[],"class_list":["post-521622","post","type-post","status-publish","format-standard","has-post-thumbnail","hentry","category-actualites"],"_links":{"self":[{"href":"https:\/\/info-des-communes.fr\/index.php?rest_route=\/wp\/v2\/posts\/521622","targetHints":{"allow":["GET"]}}],"collection":[{"href":"https:\/\/info-des-communes.fr\/index.php?rest_route=\/wp\/v2\/posts"}],"about":[{"href":"https:\/\/info-des-communes.fr\/index.php?rest_route=\/wp\/v2\/types\/post"}],"author":[{"embeddable":true,"href":"https:\/\/info-des-communes.fr\/index.php?rest_route=\/wp\/v2\/users\/2"}],"replies":[{"embeddable":true,"href":"https:\/\/info-des-communes.fr\/index.php?rest_route=%2Fwp%2Fv2%2Fcomments&post=521622"}],"version-history":[{"count":0,"href":"https:\/\/info-des-communes.fr\/index.php?rest_route=\/wp\/v2\/posts\/521622\/revisions"}],"wp:featuredmedia":[{"embeddable":true,"href":"https:\/\/info-des-communes.fr\/index.php?rest_route=\/wp\/v2\/media\/521623"}],"wp:attachment":[{"href":"https:\/\/info-des-communes.fr\/index.php?rest_route=%2Fwp%2Fv2%2Fmedia&parent=521622"}],"wp:term":[{"taxonomy":"category","embeddable":true,"href":"https:\/\/info-des-communes.fr\/index.php?rest_route=%2Fwp%2Fv2%2Fcategories&post=521622"},{"taxonomy":"post_tag","embeddable":true,"href":"https:\/\/info-des-communes.fr\/index.php?rest_route=%2Fwp%2Fv2%2Ftags&post=521622"}],"curies":[{"name":"wp","href":"https:\/\/api.w.org\/{rel}","templated":true}]}}