{"id":521616,"date":"2026-05-01T13:17:35","date_gmt":"2026-05-01T11:17:35","guid":{"rendered":"https:\/\/info-des-communes.fr\/?p=521616"},"modified":"2026-05-01T13:17:35","modified_gmt":"2026-05-01T11:17:35","slug":"des-dizaines-de-militants-de-la-flottille-pour-gaza-debarques-en-crete","status":"publish","type":"post","link":"https:\/\/info-des-communes.fr\/?p=521616","title":{"rendered":"Des dizaines de militants de \u00ab\u00a0la flottille pour Gaza\u00a0\u00bb d\u00e9barqu\u00e9s en Cr\u00e8te"},"content":{"rendered":"<p>La Gr\u00e8ce \u00ab\u00a0va veiller \u00e0 leur retour en toute s\u00e9curit\u00e9\u00a0\u00bb, a promis le minist\u00e8re des Affaires \u00e9trang\u00e8res isra\u00e9lien, apr\u00e8s l&rsquo;interpellation d&rsquo;environ 175 militants en mer par Isra\u00ebl.<\/p>","protected":false},"excerpt":{"rendered":"<p>La Gr\u00e8ce \u00ab\u00a0va veiller \u00e0 leur retour en toute s\u00e9curit\u00e9\u00a0\u00bb, a promis le minist\u00e8re des Affaires \u00e9trang\u00e8res isra\u00e9lien, apr\u00e8s l&rsquo;interpellation d&rsquo;environ 175 militants en mer par Isra\u00ebl.<\/p>\n","protected":false},"author":2,"featured_media":521617,"comment_status":"","ping_status":"closed","sticky":false,"template":"","format":"standard","meta":{"footnotes":""},"categories":[106],"tags":[],"class_list":["post-521616","post","type-post","status-publish","format-standard","has-post-thumbnail","hentry","category-actualites"],"_links":{"self":[{"href":"https:\/\/info-des-communes.fr\/index.php?rest_route=\/wp\/v2\/posts\/521616","targetHints":{"allow":["GET"]}}],"collection":[{"href":"https:\/\/info-des-communes.fr\/index.php?rest_route=\/wp\/v2\/posts"}],"about":[{"href":"https:\/\/info-des-communes.fr\/index.php?rest_route=\/wp\/v2\/types\/post"}],"author":[{"embeddable":true,"href":"https:\/\/info-des-communes.fr\/index.php?rest_route=\/wp\/v2\/users\/2"}],"replies":[{"embeddable":true,"href":"https:\/\/info-des-communes.fr\/index.php?rest_route=%2Fwp%2Fv2%2Fcomments&post=521616"}],"version-history":[{"count":0,"href":"https:\/\/info-des-communes.fr\/index.php?rest_route=\/wp\/v2\/posts\/521616\/revisions"}],"wp:featuredmedia":[{"embeddable":true,"href":"https:\/\/info-des-communes.fr\/index.php?rest_route=\/wp\/v2\/media\/521617"}],"wp:attachment":[{"href":"https:\/\/info-des-communes.fr\/index.php?rest_route=%2Fwp%2Fv2%2Fmedia&parent=521616"}],"wp:term":[{"taxonomy":"category","embeddable":true,"href":"https:\/\/info-des-communes.fr\/index.php?rest_route=%2Fwp%2Fv2%2Fcategories&post=521616"},{"taxonomy":"post_tag","embeddable":true,"href":"https:\/\/info-des-communes.fr\/index.php?rest_route=%2Fwp%2Fv2%2Ftags&post=521616"}],"curies":[{"name":"wp","href":"https:\/\/api.w.org\/{rel}","templated":true}]}}